{"id":5092,"date":"2025-11-06T22:27:14","date_gmt":"2025-11-06T22:27:14","guid":{"rendered":"https:\/\/www.santaana.gob.ar\/home\/?p=5092"},"modified":"2025-11-07T14:26:31","modified_gmt":"2025-11-07T14:26:31","slug":"lunes-asueto-municipal","status":"publish","type":"post","link":"https:\/\/www.santaana.gob.ar\/home\/2025\/11\/06\/lunes-asueto-municipal\/","title":{"rendered":"LUNES ASUETO MUNICIPAL"},"content":{"rendered":"<p>EL PR\u00d3XIMO LUNES HABR\u00c1 ASUETO MUNICIPAL<br \/>\nLa Municipalidad de Santa Ana dispuso declarar asueto administrativo el pr\u00f3ximo lunes 10 de noviembre con motivo de la celebraci\u00f3n del D\u00eda del Empleado Municipal.<br \/>\nEl objetivo del mismo es que puedan gozar de una jornada de descanso en reconocimiento por la dedicaci\u00f3n, el compromiso y el esfuerzo que realizan diariamente en beneficio de los vecinos de nuestra localidad.<br \/>\nEse d\u00eda permanecer\u00e1n cerradas al p\u00fablico todas las dependencia municipales.<\/p>\n\n\n<figure class=\"wp-block-image size-large\"><img loading=\"lazy\" decoding=\"async\" width=\"712\" height=\"1024\" src=\"https:\/\/www.santaana.gob.ar\/home\/wp-content\/uploads\/2025\/11\/WhatsApp-Image-2025-11-07-at-10.55.39-712x1024.jpeg\" alt=\"\" class=\"wp-image-5094\" srcset=\"https:\/\/www.santaana.gob.ar\/home\/wp-content\/uploads\/2025\/11\/WhatsApp-Image-2025-11-07-at-10.55.39-712x1024.jpeg 712w, https:\/\/www.santaana.gob.ar\/home\/wp-content\/uploads\/2025\/11\/WhatsApp-Image-2025-11-07-at-10.55.39-209x300.jpeg 209w, https:\/\/www.santaana.gob.ar\/home\/wp-content\/uploads\/2025\/11\/WhatsApp-Image-2025-11-07-at-10.55.39-768x1104.jpeg 768w, https:\/\/www.santaana.gob.ar\/home\/wp-content\/uploads\/2025\/11\/WhatsApp-Image-2025-11-07-at-10.55.39-1068x1536.jpeg 1068w, https:\/\/www.santaana.gob.ar\/home\/wp-content\/uploads\/2025\/11\/WhatsApp-Image-2025-11-07-at-10.55.39.jpeg 1113w\" sizes=\"auto, (max-width: 712px) 100vw, 712px\" \/><\/figure>\n","protected":false},"excerpt":{"rendered":"<p>EL PR\u00d3XIMO LUNES HABR\u00c1 ASUETO MUNICIPAL La Municipalidad de Santa Ana dispuso declarar asueto administrativo el pr\u00f3ximo lunes 10 de noviembre con motivo de la celebraci\u00f3n del D\u00eda del Empleado Municipal. El objetivo del mismo es que puedan gozar de una jornada de descanso en reconocimiento por la dedicaci\u00f3n, el compromiso y el esfuerzo que<a class=\"moretag\" href=\"https:\/\/www.santaana.gob.ar\/home\/2025\/11\/06\/lunes-asueto-municipal\/\"><span class=\"screen-reader-text\">Leer m\u00e1s sobre LUNES ASUETO MUNICIPAL<\/span>[&#8230;]<\/a><\/p>\n","protected":false},"author":1,"featured_media":4836,"comment_status":"open","ping_status":"open","sticky":false,"template":"","format":"standard","meta":{"footnotes":""},"categories":[1],"tags":[],"class_list":["post-5092","post","type-post","status-publish","format-standard","has-post-thumbnail","hentry","category-noticias"],"_links":{"self":[{"href":"https:\/\/www.santaana.gob.ar\/home\/wp-json\/wp\/v2\/posts\/5092","targetHints":{"allow":["GET"]}}],"collection":[{"href":"https:\/\/www.santaana.gob.ar\/home\/wp-json\/wp\/v2\/posts"}],"about":[{"href":"https:\/\/www.santaana.gob.ar\/home\/wp-json\/wp\/v2\/types\/post"}],"author":[{"embeddable":true,"href":"https:\/\/www.santaana.gob.ar\/home\/wp-json\/wp\/v2\/users\/1"}],"replies":[{"embeddable":true,"href":"https:\/\/www.santaana.gob.ar\/home\/wp-json\/wp\/v2\/comments?post=5092"}],"version-history":[{"count":2,"href":"https:\/\/www.santaana.gob.ar\/home\/wp-json\/wp\/v2\/posts\/5092\/revisions"}],"predecessor-version":[{"id":5095,"href":"https:\/\/www.santaana.gob.ar\/home\/wp-json\/wp\/v2\/posts\/5092\/revisions\/5095"}],"wp:featuredmedia":[{"embeddable":true,"href":"https:\/\/www.santaana.gob.ar\/home\/wp-json\/wp\/v2\/media\/4836"}],"wp:attachment":[{"href":"https:\/\/www.santaana.gob.ar\/home\/wp-json\/wp\/v2\/media?parent=5092"}],"wp:term":[{"taxonomy":"category","embeddable":true,"href":"https:\/\/www.santaana.gob.ar\/home\/wp-json\/wp\/v2\/categories?post=5092"},{"taxonomy":"post_tag","embeddable":true,"href":"https:\/\/www.santaana.gob.ar\/home\/wp-json\/wp\/v2\/tags?post=5092"}],"curies":[{"name":"wp","href":"https:\/\/api.w.org\/{rel}","templated":true}]}}