{"id":5083,"date":"2025-10-30T18:31:57","date_gmt":"2025-10-30T18:31:57","guid":{"rendered":"https:\/\/www.santaana.gob.ar\/home\/?p=5083"},"modified":"2025-10-30T18:31:57","modified_gmt":"2025-10-30T18:31:57","slug":"encuentro-de-autos-de-epoca","status":"publish","type":"post","link":"https:\/\/www.santaana.gob.ar\/home\/2025\/10\/30\/encuentro-de-autos-de-epoca\/","title":{"rendered":"ENCUENTRO DE AUTOS DE \u00c9POCA"},"content":{"rendered":"<p>ENCUENTRO DE AUTOS DE \u00c9POCA<br \/>\n\u25aa\ufe0f Este s\u00e1bado, 1 de noviembre, te esperamos en Plaza San Mart\u00edn para disfrutar de la muestra est\u00e1tica de autos antiguos.<br \/>\n\ud83d\ude09 Adem\u00e1s estar\u00e1n recorriendo nuestra ciudad pasando por el predio termal, el museo y el edificio municipal. Luego realizar\u00e1n un almuerzo de camarader\u00eda en el camping de Santa Ana.<\/p>\n","protected":false},"excerpt":{"rendered":"<p>ENCUENTRO DE AUTOS DE \u00c9POCA \u25aa\ufe0f Este s\u00e1bado, 1 de noviembre, te esperamos en Plaza San Mart\u00edn para disfrutar de la muestra est\u00e1tica de autos antiguos. \ud83d\ude09 Adem\u00e1s estar\u00e1n recorriendo nuestra ciudad pasando por el predio termal, el museo y el edificio municipal. Luego realizar\u00e1n un almuerzo de camarader\u00eda en el camping de Santa Ana.<\/p>\n","protected":false},"author":1,"featured_media":5084,"comment_status":"open","ping_status":"open","sticky":false,"template":"","format":"standard","meta":{"footnotes":""},"categories":[1],"tags":[],"class_list":["post-5083","post","type-post","status-publish","format-standard","has-post-thumbnail","hentry","category-noticias"],"_links":{"self":[{"href":"https:\/\/www.santaana.gob.ar\/home\/wp-json\/wp\/v2\/posts\/5083","targetHints":{"allow":["GET"]}}],"collection":[{"href":"https:\/\/www.santaana.gob.ar\/home\/wp-json\/wp\/v2\/posts"}],"about":[{"href":"https:\/\/www.santaana.gob.ar\/home\/wp-json\/wp\/v2\/types\/post"}],"author":[{"embeddable":true,"href":"https:\/\/www.santaana.gob.ar\/home\/wp-json\/wp\/v2\/users\/1"}],"replies":[{"embeddable":true,"href":"https:\/\/www.santaana.gob.ar\/home\/wp-json\/wp\/v2\/comments?post=5083"}],"version-history":[{"count":1,"href":"https:\/\/www.santaana.gob.ar\/home\/wp-json\/wp\/v2\/posts\/5083\/revisions"}],"predecessor-version":[{"id":5085,"href":"https:\/\/www.santaana.gob.ar\/home\/wp-json\/wp\/v2\/posts\/5083\/revisions\/5085"}],"wp:featuredmedia":[{"embeddable":true,"href":"https:\/\/www.santaana.gob.ar\/home\/wp-json\/wp\/v2\/media\/5084"}],"wp:attachment":[{"href":"https:\/\/www.santaana.gob.ar\/home\/wp-json\/wp\/v2\/media?parent=5083"}],"wp:term":[{"taxonomy":"category","embeddable":true,"href":"https:\/\/www.santaana.gob.ar\/home\/wp-json\/wp\/v2\/categories?post=5083"},{"taxonomy":"post_tag","embeddable":true,"href":"https:\/\/www.santaana.gob.ar\/home\/wp-json\/wp\/v2\/tags?post=5083"}],"curies":[{"name":"wp","href":"https:\/\/api.w.org\/{rel}","templated":true}]}}