{"id":5072,"date":"2025-10-20T11:20:48","date_gmt":"2025-10-20T11:20:48","guid":{"rendered":"https:\/\/www.santaana.gob.ar\/home\/?p=5072"},"modified":"2025-10-20T11:20:48","modified_gmt":"2025-10-20T11:20:48","slug":"128-aniversario-de-santa-ana","status":"publish","type":"post","link":"https:\/\/www.santaana.gob.ar\/home\/2025\/10\/20\/128-aniversario-de-santa-ana\/","title":{"rendered":"128 ANIVERSARIO DE SANTA ANA"},"content":{"rendered":"<p>FESTEJAMOS LOS 128 A\u00d1OS DE NUESTRO PUEBLO<br \/>\n\u25aa\ufe0f Con una gran cena show la familia santanense celebr\u00f3 anoche, en las instalaciones del Club Social, un a\u00f1o m\u00e1s de nuestra querida localidad.<br \/>\n\ud83d\ude4c Orgullosos de los progresos de un pueblo resiliente, destinado a desaparecer,  pero que con el trabajo de su gente supo superar las dificultades del pasado y posicionarse hacia el futuro como un lugar m\u00e1gico, bendecido por la naturaleza y lleno de oportunidades.<br \/>\n\u2764\ufe0f \u00a1Felicidades Santa Ana!<\/p>\n","protected":false},"excerpt":{"rendered":"<p>FESTEJAMOS LOS 128 A\u00d1OS DE NUESTRO PUEBLO \u25aa\ufe0f Con una gran cena show la familia santanense celebr\u00f3 anoche, en las instalaciones del Club Social, un a\u00f1o m\u00e1s de nuestra querida localidad. \ud83d\ude4c Orgullosos de los progresos de un pueblo resiliente, destinado a desaparecer, pero que con el trabajo de su gente supo superar las dificultades<a class=\"moretag\" href=\"https:\/\/www.santaana.gob.ar\/home\/2025\/10\/20\/128-aniversario-de-santa-ana\/\"><span class=\"screen-reader-text\">Leer m\u00e1s sobre 128 ANIVERSARIO DE SANTA ANA<\/span>[&#8230;]<\/a><\/p>\n","protected":false},"author":1,"featured_media":5073,"comment_status":"open","ping_status":"open","sticky":false,"template":"","format":"standard","meta":{"footnotes":""},"categories":[1],"tags":[],"class_list":["post-5072","post","type-post","status-publish","format-standard","has-post-thumbnail","hentry","category-noticias"],"_links":{"self":[{"href":"https:\/\/www.santaana.gob.ar\/home\/wp-json\/wp\/v2\/posts\/5072","targetHints":{"allow":["GET"]}}],"collection":[{"href":"https:\/\/www.santaana.gob.ar\/home\/wp-json\/wp\/v2\/posts"}],"about":[{"href":"https:\/\/www.santaana.gob.ar\/home\/wp-json\/wp\/v2\/types\/post"}],"author":[{"embeddable":true,"href":"https:\/\/www.santaana.gob.ar\/home\/wp-json\/wp\/v2\/users\/1"}],"replies":[{"embeddable":true,"href":"https:\/\/www.santaana.gob.ar\/home\/wp-json\/wp\/v2\/comments?post=5072"}],"version-history":[{"count":1,"href":"https:\/\/www.santaana.gob.ar\/home\/wp-json\/wp\/v2\/posts\/5072\/revisions"}],"predecessor-version":[{"id":5074,"href":"https:\/\/www.santaana.gob.ar\/home\/wp-json\/wp\/v2\/posts\/5072\/revisions\/5074"}],"wp:featuredmedia":[{"embeddable":true,"href":"https:\/\/www.santaana.gob.ar\/home\/wp-json\/wp\/v2\/media\/5073"}],"wp:attachment":[{"href":"https:\/\/www.santaana.gob.ar\/home\/wp-json\/wp\/v2\/media?parent=5072"}],"wp:term":[{"taxonomy":"category","embeddable":true,"href":"https:\/\/www.santaana.gob.ar\/home\/wp-json\/wp\/v2\/categories?post=5072"},{"taxonomy":"post_tag","embeddable":true,"href":"https:\/\/www.santaana.gob.ar\/home\/wp-json\/wp\/v2\/tags?post=5072"}],"curies":[{"name":"wp","href":"https:\/\/api.w.org\/{rel}","templated":true}]}}