{"id":5069,"date":"2025-10-18T19:18:38","date_gmt":"2025-10-18T19:18:38","guid":{"rendered":"https:\/\/www.santaana.gob.ar\/home\/?p=5069"},"modified":"2025-10-18T19:18:38","modified_gmt":"2025-10-18T19:18:38","slug":"la-obra-duendes-azules-en-santa-ana","status":"publish","type":"post","link":"https:\/\/www.santaana.gob.ar\/home\/2025\/10\/18\/la-obra-duendes-azules-en-santa-ana\/","title":{"rendered":"LA OBRA DUENDES AZULES EN SANTA ANA"},"content":{"rendered":"<p>En el marco de la semana aniversario de nuestro pueblo, ayer Roberto Alonso Romani present\u00f3 su libro \u00abLos Duendes Azules\u00bb en nuestra localidad.<br \/>\n\u25aa\ufe0f Los santanenses pudimos disfrutar de la presencia de una destacada personalidad cultural entrerriana quien estuvo acompa\u00f1ado por los artistas Hugo y Celestino Mena, y el artista pl\u00e1stico Vicente C\u00faneo.<br \/>\n\u25aa\ufe0f La identidad, la tradici\u00f3n, la esperanza, la cultura, las huellas de entrerrian\u00eda y el coraz\u00f3n patrio a trav\u00e9s de la poes\u00eda, la m\u00fasica y el arte fueron las propuestas de esta nueva jornada.<\/p>\n","protected":false},"excerpt":{"rendered":"<p>En el marco de la semana aniversario de nuestro pueblo, ayer Roberto Alonso Romani present\u00f3 su libro \u00abLos Duendes Azules\u00bb en nuestra localidad. \u25aa\ufe0f Los santanenses pudimos disfrutar de la presencia de una destacada personalidad cultural entrerriana quien estuvo acompa\u00f1ado por los artistas Hugo y Celestino Mena, y el artista pl\u00e1stico Vicente C\u00faneo. \u25aa\ufe0f La<a class=\"moretag\" href=\"https:\/\/www.santaana.gob.ar\/home\/2025\/10\/18\/la-obra-duendes-azules-en-santa-ana\/\"><span class=\"screen-reader-text\">Leer m\u00e1s sobre LA OBRA DUENDES AZULES EN SANTA ANA<\/span>[&#8230;]<\/a><\/p>\n","protected":false},"author":1,"featured_media":5070,"comment_status":"open","ping_status":"open","sticky":false,"template":"","format":"standard","meta":{"footnotes":""},"categories":[1],"tags":[],"class_list":["post-5069","post","type-post","status-publish","format-standard","has-post-thumbnail","hentry","category-noticias"],"_links":{"self":[{"href":"https:\/\/www.santaana.gob.ar\/home\/wp-json\/wp\/v2\/posts\/5069","targetHints":{"allow":["GET"]}}],"collection":[{"href":"https:\/\/www.santaana.gob.ar\/home\/wp-json\/wp\/v2\/posts"}],"about":[{"href":"https:\/\/www.santaana.gob.ar\/home\/wp-json\/wp\/v2\/types\/post"}],"author":[{"embeddable":true,"href":"https:\/\/www.santaana.gob.ar\/home\/wp-json\/wp\/v2\/users\/1"}],"replies":[{"embeddable":true,"href":"https:\/\/www.santaana.gob.ar\/home\/wp-json\/wp\/v2\/comments?post=5069"}],"version-history":[{"count":1,"href":"https:\/\/www.santaana.gob.ar\/home\/wp-json\/wp\/v2\/posts\/5069\/revisions"}],"predecessor-version":[{"id":5071,"href":"https:\/\/www.santaana.gob.ar\/home\/wp-json\/wp\/v2\/posts\/5069\/revisions\/5071"}],"wp:featuredmedia":[{"embeddable":true,"href":"https:\/\/www.santaana.gob.ar\/home\/wp-json\/wp\/v2\/media\/5070"}],"wp:attachment":[{"href":"https:\/\/www.santaana.gob.ar\/home\/wp-json\/wp\/v2\/media?parent=5069"}],"wp:term":[{"taxonomy":"category","embeddable":true,"href":"https:\/\/www.santaana.gob.ar\/home\/wp-json\/wp\/v2\/categories?post=5069"},{"taxonomy":"post_tag","embeddable":true,"href":"https:\/\/www.santaana.gob.ar\/home\/wp-json\/wp\/v2\/tags?post=5069"}],"curies":[{"name":"wp","href":"https:\/\/api.w.org\/{rel}","templated":true}]}}