{"id":5066,"date":"2025-10-18T19:14:06","date_gmt":"2025-10-18T19:14:06","guid":{"rendered":"https:\/\/www.santaana.gob.ar\/home\/?p=5066"},"modified":"2025-10-18T19:14:06","modified_gmt":"2025-10-18T19:14:06","slug":"fogon-criollo-en-el-pedro-hermosa","status":"publish","type":"post","link":"https:\/\/www.santaana.gob.ar\/home\/2025\/10\/18\/fogon-criollo-en-el-pedro-hermosa\/","title":{"rendered":"FOG\u00d3N CRIOLLO EN EL \u00abPEDRO HERMOSA\u00bb"},"content":{"rendered":"<p>Continuando con las actividades en el marco del aniversario de Santa Ana, se realiz\u00f3 el fog\u00f3n criollo en el patio del museo.<br \/>\n\u25aa\ufe0f Con un muy buen marco de p\u00fablico pudimos disfrutar del ballet infanto juvenil municipal; y artistas y m\u00fasicos invitados entre los m\u00e1s destacados Carlos Percara, autor del himno a Santa Ana y la familia de Eduardo \u00abLalo\u00bb Pucheta, autor de la canci\u00f3n a Santa Ana.<br \/>\n\u25aa\ufe0f La emoci\u00f3n invadi\u00f3 la jornada donde qued\u00f3 demostrada la historia de una comunidad que se aferr\u00f3 a sus ra\u00edces, su identidad y sentido de pertenencia, fortaleciendo los v\u00ednculos con el pasado y el futuro.<\/p>\n","protected":false},"excerpt":{"rendered":"<p>Continuando con las actividades en el marco del aniversario de Santa Ana, se realiz\u00f3 el fog\u00f3n criollo en el patio del museo. \u25aa\ufe0f Con un muy buen marco de p\u00fablico pudimos disfrutar del ballet infanto juvenil municipal; y artistas y m\u00fasicos invitados entre los m\u00e1s destacados Carlos Percara, autor del himno a Santa Ana y<a class=\"moretag\" href=\"https:\/\/www.santaana.gob.ar\/home\/2025\/10\/18\/fogon-criollo-en-el-pedro-hermosa\/\"><span class=\"screen-reader-text\">Leer m\u00e1s sobre FOG\u00d3N CRIOLLO EN EL \u00abPEDRO HERMOSA\u00bb<\/span>[&#8230;]<\/a><\/p>\n","protected":false},"author":1,"featured_media":5067,"comment_status":"open","ping_status":"open","sticky":false,"template":"","format":"standard","meta":{"footnotes":""},"categories":[1],"tags":[],"class_list":["post-5066","post","type-post","status-publish","format-standard","has-post-thumbnail","hentry","category-noticias"],"_links":{"self":[{"href":"https:\/\/www.santaana.gob.ar\/home\/wp-json\/wp\/v2\/posts\/5066","targetHints":{"allow":["GET"]}}],"collection":[{"href":"https:\/\/www.santaana.gob.ar\/home\/wp-json\/wp\/v2\/posts"}],"about":[{"href":"https:\/\/www.santaana.gob.ar\/home\/wp-json\/wp\/v2\/types\/post"}],"author":[{"embeddable":true,"href":"https:\/\/www.santaana.gob.ar\/home\/wp-json\/wp\/v2\/users\/1"}],"replies":[{"embeddable":true,"href":"https:\/\/www.santaana.gob.ar\/home\/wp-json\/wp\/v2\/comments?post=5066"}],"version-history":[{"count":1,"href":"https:\/\/www.santaana.gob.ar\/home\/wp-json\/wp\/v2\/posts\/5066\/revisions"}],"predecessor-version":[{"id":5068,"href":"https:\/\/www.santaana.gob.ar\/home\/wp-json\/wp\/v2\/posts\/5066\/revisions\/5068"}],"wp:featuredmedia":[{"embeddable":true,"href":"https:\/\/www.santaana.gob.ar\/home\/wp-json\/wp\/v2\/media\/5067"}],"wp:attachment":[{"href":"https:\/\/www.santaana.gob.ar\/home\/wp-json\/wp\/v2\/media?parent=5066"}],"wp:term":[{"taxonomy":"category","embeddable":true,"href":"https:\/\/www.santaana.gob.ar\/home\/wp-json\/wp\/v2\/categories?post=5066"},{"taxonomy":"post_tag","embeddable":true,"href":"https:\/\/www.santaana.gob.ar\/home\/wp-json\/wp\/v2\/tags?post=5066"}],"curies":[{"name":"wp","href":"https:\/\/api.w.org\/{rel}","templated":true}]}}