{"id":5062,"date":"2025-10-17T12:54:25","date_gmt":"2025-10-17T12:54:25","guid":{"rendered":"https:\/\/www.santaana.gob.ar\/home\/?p=5062"},"modified":"2025-10-17T12:54:25","modified_gmt":"2025-10-17T12:54:25","slug":"encuentro-literario","status":"publish","type":"post","link":"https:\/\/www.santaana.gob.ar\/home\/2025\/10\/17\/encuentro-literario\/","title":{"rendered":"ENCUENTRO LITERARIO"},"content":{"rendered":"<p>ENCUENTRO LITERARIO<br \/>\nEste mi\u00e9rcoles 15 de octubre, en el marco de las actividades por el festejo de los 128 a\u00f1os de Santa Ana, se llev\u00f3 a cabo una jornada literaria donde escritores y poetas locales presentaron sus trabajos.<br \/>\n\ud83d\ude4c Poes\u00edas, relatos, cuentos, sonetos y poemas fueron los protagonistas de una gran velada.<\/p>\n","protected":false},"excerpt":{"rendered":"<p>ENCUENTRO LITERARIO Este mi\u00e9rcoles 15 de octubre, en el marco de las actividades por el festejo de los 128 a\u00f1os de Santa Ana, se llev\u00f3 a cabo una jornada literaria donde escritores y poetas locales presentaron sus trabajos. \ud83d\ude4c Poes\u00edas, relatos, cuentos, sonetos y poemas fueron los protagonistas de una gran velada.<\/p>\n","protected":false},"author":1,"featured_media":5060,"comment_status":"open","ping_status":"open","sticky":false,"template":"","format":"standard","meta":{"footnotes":""},"categories":[1],"tags":[],"class_list":["post-5062","post","type-post","status-publish","format-standard","has-post-thumbnail","hentry","category-noticias"],"_links":{"self":[{"href":"https:\/\/www.santaana.gob.ar\/home\/wp-json\/wp\/v2\/posts\/5062","targetHints":{"allow":["GET"]}}],"collection":[{"href":"https:\/\/www.santaana.gob.ar\/home\/wp-json\/wp\/v2\/posts"}],"about":[{"href":"https:\/\/www.santaana.gob.ar\/home\/wp-json\/wp\/v2\/types\/post"}],"author":[{"embeddable":true,"href":"https:\/\/www.santaana.gob.ar\/home\/wp-json\/wp\/v2\/users\/1"}],"replies":[{"embeddable":true,"href":"https:\/\/www.santaana.gob.ar\/home\/wp-json\/wp\/v2\/comments?post=5062"}],"version-history":[{"count":2,"href":"https:\/\/www.santaana.gob.ar\/home\/wp-json\/wp\/v2\/posts\/5062\/revisions"}],"predecessor-version":[{"id":5064,"href":"https:\/\/www.santaana.gob.ar\/home\/wp-json\/wp\/v2\/posts\/5062\/revisions\/5064"}],"wp:featuredmedia":[{"embeddable":true,"href":"https:\/\/www.santaana.gob.ar\/home\/wp-json\/wp\/v2\/media\/5060"}],"wp:attachment":[{"href":"https:\/\/www.santaana.gob.ar\/home\/wp-json\/wp\/v2\/media?parent=5062"}],"wp:term":[{"taxonomy":"category","embeddable":true,"href":"https:\/\/www.santaana.gob.ar\/home\/wp-json\/wp\/v2\/categories?post=5062"},{"taxonomy":"post_tag","embeddable":true,"href":"https:\/\/www.santaana.gob.ar\/home\/wp-json\/wp\/v2\/tags?post=5062"}],"curies":[{"name":"wp","href":"https:\/\/api.w.org\/{rel}","templated":true}]}}