{"id":5055,"date":"2025-10-16T14:07:01","date_gmt":"2025-10-16T14:07:01","guid":{"rendered":"https:\/\/www.santaana.gob.ar\/home\/?p=5055"},"modified":"2025-10-16T14:07:01","modified_gmt":"2025-10-16T14:07:01","slug":"capacitacion-para-autoridades-de-mesa-7","status":"publish","type":"post","link":"https:\/\/www.santaana.gob.ar\/home\/2025\/10\/16\/capacitacion-para-autoridades-de-mesa-7\/","title":{"rendered":"CAPACITACI\u00d3N PARA AUTORIDADES DE MESA"},"content":{"rendered":"<p>CAPACITACI\u00d3N PARA AUTORIDADES DE MESA<br \/>\n\u203c\ufe0f La Municipalidad de Santa Ana informa que el pr\u00f3ximo jueves 23 de octubre se llevar\u00e1 a cabo la capacitaci\u00f3n para las autoridades de mesa para las pr\u00f3ximas Elecciones.<br \/>\n\u2139\ufe0f La misma se realizar\u00e1 a partir de las 20.30 horas en el edificio NIDO  ubicado en calle 9 de julio 545.<\/p>\n","protected":false},"excerpt":{"rendered":"<p>CAPACITACI\u00d3N PARA AUTORIDADES DE MESA \u203c\ufe0f La Municipalidad de Santa Ana informa que el pr\u00f3ximo jueves 23 de octubre se llevar\u00e1 a cabo la capacitaci\u00f3n para las autoridades de mesa para las pr\u00f3ximas Elecciones. \u2139\ufe0f La misma se realizar\u00e1 a partir de las 20.30 horas en el edificio NIDO ubicado en calle 9 de julio<a class=\"moretag\" href=\"https:\/\/www.santaana.gob.ar\/home\/2025\/10\/16\/capacitacion-para-autoridades-de-mesa-7\/\"><span class=\"screen-reader-text\">Leer m\u00e1s sobre CAPACITACI\u00d3N PARA AUTORIDADES DE MESA<\/span>[&#8230;]<\/a><\/p>\n","protected":false},"author":1,"featured_media":5056,"comment_status":"open","ping_status":"open","sticky":false,"template":"","format":"standard","meta":{"footnotes":""},"categories":[1],"tags":[],"class_list":["post-5055","post","type-post","status-publish","format-standard","has-post-thumbnail","hentry","category-noticias"],"_links":{"self":[{"href":"https:\/\/www.santaana.gob.ar\/home\/wp-json\/wp\/v2\/posts\/5055","targetHints":{"allow":["GET"]}}],"collection":[{"href":"https:\/\/www.santaana.gob.ar\/home\/wp-json\/wp\/v2\/posts"}],"about":[{"href":"https:\/\/www.santaana.gob.ar\/home\/wp-json\/wp\/v2\/types\/post"}],"author":[{"embeddable":true,"href":"https:\/\/www.santaana.gob.ar\/home\/wp-json\/wp\/v2\/users\/1"}],"replies":[{"embeddable":true,"href":"https:\/\/www.santaana.gob.ar\/home\/wp-json\/wp\/v2\/comments?post=5055"}],"version-history":[{"count":1,"href":"https:\/\/www.santaana.gob.ar\/home\/wp-json\/wp\/v2\/posts\/5055\/revisions"}],"predecessor-version":[{"id":5057,"href":"https:\/\/www.santaana.gob.ar\/home\/wp-json\/wp\/v2\/posts\/5055\/revisions\/5057"}],"wp:featuredmedia":[{"embeddable":true,"href":"https:\/\/www.santaana.gob.ar\/home\/wp-json\/wp\/v2\/media\/5056"}],"wp:attachment":[{"href":"https:\/\/www.santaana.gob.ar\/home\/wp-json\/wp\/v2\/media?parent=5055"}],"wp:term":[{"taxonomy":"category","embeddable":true,"href":"https:\/\/www.santaana.gob.ar\/home\/wp-json\/wp\/v2\/categories?post=5055"},{"taxonomy":"post_tag","embeddable":true,"href":"https:\/\/www.santaana.gob.ar\/home\/wp-json\/wp\/v2\/tags?post=5055"}],"curies":[{"name":"wp","href":"https:\/\/api.w.org\/{rel}","templated":true}]}}