{"id":5042,"date":"2025-10-14T17:39:04","date_gmt":"2025-10-14T17:39:04","guid":{"rendered":"https:\/\/www.santaana.gob.ar\/home\/?p=5042"},"modified":"2025-10-14T17:39:30","modified_gmt":"2025-10-14T17:39:30","slug":"aniversario-de-santa-ana","status":"publish","type":"post","link":"https:\/\/www.santaana.gob.ar\/home\/2025\/10\/14\/aniversario-de-santa-ana\/","title":{"rendered":"ANIVERSARIO DE SANTA ANA"},"content":{"rendered":"<p>PROGRAMA DE ACTIVIDADES EN EL MARCO DEL ANIVERSARIO DE SANTA ANA<br \/>\n\u25aa\ufe0f Compartimos d\u00edas y horarios de las diferentes actividades previstas para celebrar un nuevo aniversario de nuestra querida Santa Ana, agend\u00e1:<br \/>\n\ud83d\udc49 Mi\u00e9rcoles 15: encuentro literario con escritores de la localidad. Edificio del NIDO, 20.30 horas. Invitaci\u00f3n a todo p\u00fablico y colegios.<br \/>\n\ud83d\udc49 Jueves 16: fog\u00f3n criollo, proyecci\u00f3n de videos con material hist\u00f3rico relacionado a los 128 a\u00f1os de vida de nuestro pueblo, actuaci\u00f3n de ballet infanto juvenil, danzas folcl\u00f3ricas, reconocimientos y cierre con el grupo musical \u00abLas Hermanitas Nieva\u00bb. La cita es a las 20.30 horas en el Museo.<br \/>\n\ud83d\udc49 El museo permanecer\u00e1 abierto a todo p\u00fablico, vecinos e instituciones todos los d\u00edas en el horario de 09.00 a 11.00.<br \/>\n\ud83d\udc49 Viernes 17: Centro Cultural Municipal, 20.30 horas, presentaci\u00f3n del espect\u00e1culo integral \u00abDuendes Azules\u00bb con la presencia del Lic. Roberto Romani, Hugo Mena y su grupo.<br \/>\n\ud83d\udc49 S\u00e1bado 18 (fecha fundacional): cena aniversario en las instalaciones del Centro Social y Deportivo Santa Ana, 21 horas.<\/p>\n","protected":false},"excerpt":{"rendered":"<p>PROGRAMA DE ACTIVIDADES EN EL MARCO DEL ANIVERSARIO DE SANTA ANA \u25aa\ufe0f Compartimos d\u00edas y horarios de las diferentes actividades previstas para celebrar un nuevo aniversario de nuestra querida Santa Ana, agend\u00e1: \ud83d\udc49 Mi\u00e9rcoles 15: encuentro literario con escritores de la localidad. Edificio del NIDO, 20.30 horas. Invitaci\u00f3n a todo p\u00fablico y colegios. \ud83d\udc49 Jueves<a class=\"moretag\" href=\"https:\/\/www.santaana.gob.ar\/home\/2025\/10\/14\/aniversario-de-santa-ana\/\"><span class=\"screen-reader-text\">Leer m\u00e1s sobre ANIVERSARIO DE SANTA ANA<\/span>[&#8230;]<\/a><\/p>\n","protected":false},"author":1,"featured_media":5043,"comment_status":"open","ping_status":"open","sticky":false,"template":"","format":"standard","meta":{"footnotes":""},"categories":[1],"tags":[],"class_list":["post-5042","post","type-post","status-publish","format-standard","has-post-thumbnail","hentry","category-noticias"],"_links":{"self":[{"href":"https:\/\/www.santaana.gob.ar\/home\/wp-json\/wp\/v2\/posts\/5042","targetHints":{"allow":["GET"]}}],"collection":[{"href":"https:\/\/www.santaana.gob.ar\/home\/wp-json\/wp\/v2\/posts"}],"about":[{"href":"https:\/\/www.santaana.gob.ar\/home\/wp-json\/wp\/v2\/types\/post"}],"author":[{"embeddable":true,"href":"https:\/\/www.santaana.gob.ar\/home\/wp-json\/wp\/v2\/users\/1"}],"replies":[{"embeddable":true,"href":"https:\/\/www.santaana.gob.ar\/home\/wp-json\/wp\/v2\/comments?post=5042"}],"version-history":[{"count":3,"href":"https:\/\/www.santaana.gob.ar\/home\/wp-json\/wp\/v2\/posts\/5042\/revisions"}],"predecessor-version":[{"id":5046,"href":"https:\/\/www.santaana.gob.ar\/home\/wp-json\/wp\/v2\/posts\/5042\/revisions\/5046"}],"wp:featuredmedia":[{"embeddable":true,"href":"https:\/\/www.santaana.gob.ar\/home\/wp-json\/wp\/v2\/media\/5043"}],"wp:attachment":[{"href":"https:\/\/www.santaana.gob.ar\/home\/wp-json\/wp\/v2\/media?parent=5042"}],"wp:term":[{"taxonomy":"category","embeddable":true,"href":"https:\/\/www.santaana.gob.ar\/home\/wp-json\/wp\/v2\/categories?post=5042"},{"taxonomy":"post_tag","embeddable":true,"href":"https:\/\/www.santaana.gob.ar\/home\/wp-json\/wp\/v2\/tags?post=5042"}],"curies":[{"name":"wp","href":"https:\/\/api.w.org\/{rel}","templated":true}]}}