{"id":5040,"date":"2025-10-09T20:02:58","date_gmt":"2025-10-09T20:02:58","guid":{"rendered":"https:\/\/www.santaana.gob.ar\/home\/?p=5040"},"modified":"2025-10-09T20:02:58","modified_gmt":"2025-10-09T20:02:58","slug":"maraton-ciudad-de-santa-ana-4","status":"publish","type":"post","link":"https:\/\/www.santaana.gob.ar\/home\/2025\/10\/09\/maraton-ciudad-de-santa-ana-4\/","title":{"rendered":"MARAT\u00d3N CIUDAD DE SANTA ANA"},"content":{"rendered":"<p>El domingo 12 de octubre se llevar\u00e1 a cabo una nueva edici\u00f3n de este gran evento deportivo en las categor\u00edas mixtas de 5 y 10 KM.<\/p>\n<p>\u2139\ufe0f La largada ser\u00e1 a partir de las 9.30 horas desde Plaza San Mart\u00edn, y ya se encuentran abiertas las inscripciones cuyos valores, hasta el viernes 10 de octubre, son: para los 10 Km $20.000 y para los 5Km $18.000. Una vez cerradas las mismas se podr\u00e1n inscribir presencialmente con estos precios, $25.000 para los 10 Kil\u00f3metros y $20.000 para los 5 Kil\u00f3metros.<\/p>\n<p>\ud83c\udfc6 Premios: trofeos, medalla y dinero en efectivo, no acumulativos. \u00a1Los primeros 120 inscriptos pagos se llevar\u00e1n una remera de regalo!<\/p>\n<p>\ud83d\udc49 Por mayor informaci\u00f3n e inscripciones podes ingresar a https:\/\/goo.su\/123O5YM<\/p>\n","protected":false},"excerpt":{"rendered":"<p>El domingo 12 de octubre se llevar\u00e1 a cabo una nueva edici\u00f3n de este gran evento deportivo en las categor\u00edas mixtas de 5 y 10 KM. \u2139\ufe0f La largada ser\u00e1 a partir de las 9.30 horas desde Plaza San Mart\u00edn, y ya se encuentran abiertas las inscripciones cuyos valores, hasta el viernes 10 de octubre,<a class=\"moretag\" href=\"https:\/\/www.santaana.gob.ar\/home\/2025\/10\/09\/maraton-ciudad-de-santa-ana-4\/\"><span class=\"screen-reader-text\">Leer m\u00e1s sobre MARAT\u00d3N CIUDAD DE SANTA ANA<\/span>[&#8230;]<\/a><\/p>\n","protected":false},"author":1,"featured_media":5025,"comment_status":"open","ping_status":"open","sticky":false,"template":"","format":"standard","meta":{"footnotes":""},"categories":[1],"tags":[],"class_list":["post-5040","post","type-post","status-publish","format-standard","has-post-thumbnail","hentry","category-noticias"],"_links":{"self":[{"href":"https:\/\/www.santaana.gob.ar\/home\/wp-json\/wp\/v2\/posts\/5040","targetHints":{"allow":["GET"]}}],"collection":[{"href":"https:\/\/www.santaana.gob.ar\/home\/wp-json\/wp\/v2\/posts"}],"about":[{"href":"https:\/\/www.santaana.gob.ar\/home\/wp-json\/wp\/v2\/types\/post"}],"author":[{"embeddable":true,"href":"https:\/\/www.santaana.gob.ar\/home\/wp-json\/wp\/v2\/users\/1"}],"replies":[{"embeddable":true,"href":"https:\/\/www.santaana.gob.ar\/home\/wp-json\/wp\/v2\/comments?post=5040"}],"version-history":[{"count":1,"href":"https:\/\/www.santaana.gob.ar\/home\/wp-json\/wp\/v2\/posts\/5040\/revisions"}],"predecessor-version":[{"id":5041,"href":"https:\/\/www.santaana.gob.ar\/home\/wp-json\/wp\/v2\/posts\/5040\/revisions\/5041"}],"wp:featuredmedia":[{"embeddable":true,"href":"https:\/\/www.santaana.gob.ar\/home\/wp-json\/wp\/v2\/media\/5025"}],"wp:attachment":[{"href":"https:\/\/www.santaana.gob.ar\/home\/wp-json\/wp\/v2\/media?parent=5040"}],"wp:term":[{"taxonomy":"category","embeddable":true,"href":"https:\/\/www.santaana.gob.ar\/home\/wp-json\/wp\/v2\/categories?post=5040"},{"taxonomy":"post_tag","embeddable":true,"href":"https:\/\/www.santaana.gob.ar\/home\/wp-json\/wp\/v2\/tags?post=5040"}],"curies":[{"name":"wp","href":"https:\/\/api.w.org\/{rel}","templated":true}]}}