{"id":5037,"date":"2025-10-09T19:51:09","date_gmt":"2025-10-09T19:51:09","guid":{"rendered":"https:\/\/www.santaana.gob.ar\/home\/?p=5037"},"modified":"2025-10-09T19:51:09","modified_gmt":"2025-10-09T19:51:09","slug":"la-salud-mental-en-foco","status":"publish","type":"post","link":"https:\/\/www.santaana.gob.ar\/home\/2025\/10\/09\/la-salud-mental-en-foco\/","title":{"rendered":"LA SALUD MENTAL EN FOCO"},"content":{"rendered":"<p> Esta semana estuvo en nuestra ciudad el psic\u00f3logo Sergio Brodsky  brindando una charla abierta sobre prevenci\u00f3n del suicidio.<br \/>\n\u25aa\ufe0f El especialista en salud mental con experiencia en el abordaje cl\u00ednico, institucional y comunitario de dicha problem\u00e1tica, se refiri\u00f3 a temas tales como los indicadores y factores de riesgo, estrategias de prevenci\u00f3n y acompa\u00f1amiento, abordajes comunitarios y redes de apoyo, herramientas para escuelas, familias y la comunidad.<br \/>\n\u25aa\ufe0f La salud mental es muy importante y es necesario que hablemos de ella.<\/p>\n","protected":false},"excerpt":{"rendered":"<p>Esta semana estuvo en nuestra ciudad el psic\u00f3logo Sergio Brodsky brindando una charla abierta sobre prevenci\u00f3n del suicidio. \u25aa\ufe0f El especialista en salud mental con experiencia en el abordaje cl\u00ednico, institucional y comunitario de dicha problem\u00e1tica, se refiri\u00f3 a temas tales como los indicadores y factores de riesgo, estrategias de prevenci\u00f3n y acompa\u00f1amiento, abordajes comunitarios<a class=\"moretag\" href=\"https:\/\/www.santaana.gob.ar\/home\/2025\/10\/09\/la-salud-mental-en-foco\/\"><span class=\"screen-reader-text\">Leer m\u00e1s sobre LA SALUD MENTAL EN FOCO<\/span>[&#8230;]<\/a><\/p>\n","protected":false},"author":1,"featured_media":5038,"comment_status":"open","ping_status":"open","sticky":false,"template":"","format":"standard","meta":{"footnotes":""},"categories":[1],"tags":[],"class_list":["post-5037","post","type-post","status-publish","format-standard","has-post-thumbnail","hentry","category-noticias"],"_links":{"self":[{"href":"https:\/\/www.santaana.gob.ar\/home\/wp-json\/wp\/v2\/posts\/5037","targetHints":{"allow":["GET"]}}],"collection":[{"href":"https:\/\/www.santaana.gob.ar\/home\/wp-json\/wp\/v2\/posts"}],"about":[{"href":"https:\/\/www.santaana.gob.ar\/home\/wp-json\/wp\/v2\/types\/post"}],"author":[{"embeddable":true,"href":"https:\/\/www.santaana.gob.ar\/home\/wp-json\/wp\/v2\/users\/1"}],"replies":[{"embeddable":true,"href":"https:\/\/www.santaana.gob.ar\/home\/wp-json\/wp\/v2\/comments?post=5037"}],"version-history":[{"count":1,"href":"https:\/\/www.santaana.gob.ar\/home\/wp-json\/wp\/v2\/posts\/5037\/revisions"}],"predecessor-version":[{"id":5039,"href":"https:\/\/www.santaana.gob.ar\/home\/wp-json\/wp\/v2\/posts\/5037\/revisions\/5039"}],"wp:featuredmedia":[{"embeddable":true,"href":"https:\/\/www.santaana.gob.ar\/home\/wp-json\/wp\/v2\/media\/5038"}],"wp:attachment":[{"href":"https:\/\/www.santaana.gob.ar\/home\/wp-json\/wp\/v2\/media?parent=5037"}],"wp:term":[{"taxonomy":"category","embeddable":true,"href":"https:\/\/www.santaana.gob.ar\/home\/wp-json\/wp\/v2\/categories?post=5037"},{"taxonomy":"post_tag","embeddable":true,"href":"https:\/\/www.santaana.gob.ar\/home\/wp-json\/wp\/v2\/tags?post=5037"}],"curies":[{"name":"wp","href":"https:\/\/api.w.org\/{rel}","templated":true}]}}