{"id":5033,"date":"2025-10-01T19:08:04","date_gmt":"2025-10-01T19:08:04","guid":{"rendered":"https:\/\/www.santaana.gob.ar\/home\/?p=5033"},"modified":"2025-10-01T19:08:04","modified_gmt":"2025-10-01T19:08:04","slug":"llamado-a-licitacion-publica-no-06-2025","status":"publish","type":"post","link":"https:\/\/www.santaana.gob.ar\/home\/2025\/10\/01\/llamado-a-licitacion-publica-no-06-2025\/","title":{"rendered":"LLAMADO A LICITACI\u00d3N P\u00daBLICA N\u00ba 06\/2025"},"content":{"rendered":"<p>La Municipalidad de Santa Ana, provincia de Entre R\u00edos, dispone el llamado a LICITACION PUBLICA que se individualizar\u00e1 con el N\u00ba 06\/2025, con el objeto de adjudicar el espacio para la concesi\u00f3n de la explotaci\u00f3n de los servicios de \u00abProveedur\u00eda, Cantina y Helader\u00eda\u00bb en costanera Av. Mandisov\u00ed en la localidad Santa Ana, sector termal, por el per\u00edodo desde el 01 de Diciembre de 2025 hasta el 28 de Febrero de 2026.-<br \/>\nEl d\u00eda martes 07 de octubre 2025 a las 10 Hs. la fecha para la apertura del acto licitatorio dispuesto por el art. 1\u00ba) del presente Decreto.-<\/p>\n<p><b>DESCARGAR PLIEGOS<\/b><br \/>\n<a href=\"http:\/\/www.santaana.gob.ar\/Licitaciones\/2025\/06\/Decreto.pdf\">Decreto<\/a><br \/>\n<a href=\"http:\/\/www.santaana.gob.ar\/Licitaciones\/2025\/06\/Generales.pdf\">Pliegos condiciones Generales<\/a><br \/>\n<a href=\"http:\/\/www.santaana.gob.ar\/Licitaciones\/2025\/06\/Particulares.pdf\">Pliegos condiciones Particulares<\/a><br \/>\n<a href=\"http:\/\/www.santaana.gob.ar\/Licitaciones\/2025\/06\/anexo1.pdf\">Anexo I<\/a><br \/>\n<a href=\"http:\/\/www.santaana.gob.ar\/Licitaciones\/2025\/06\/anexo2.pdf\">Anexo II<\/a><\/p>\n","protected":false},"excerpt":{"rendered":"<p>La Municipalidad de Santa Ana, provincia de Entre R\u00edos, dispone el llamado a LICITACION PUBLICA que se individualizar\u00e1 con el N\u00ba 06\/2025, con el objeto de adjudicar el espacio para la concesi\u00f3n de la explotaci\u00f3n de los servicios de \u00abProveedur\u00eda, Cantina y Helader\u00eda\u00bb en costanera Av. Mandisov\u00ed en la localidad Santa Ana, sector termal, por<a class=\"moretag\" href=\"https:\/\/www.santaana.gob.ar\/home\/2025\/10\/01\/llamado-a-licitacion-publica-no-06-2025\/\"><span class=\"screen-reader-text\">Leer m\u00e1s sobre LLAMADO A LICITACI\u00d3N P\u00daBLICA N\u00ba 06\/2025<\/span>[&#8230;]<\/a><\/p>\n","protected":false},"author":1,"featured_media":4326,"comment_status":"open","ping_status":"open","sticky":false,"template":"","format":"standard","meta":{"footnotes":""},"categories":[1],"tags":[],"class_list":["post-5033","post","type-post","status-publish","format-standard","has-post-thumbnail","hentry","category-noticias"],"_links":{"self":[{"href":"https:\/\/www.santaana.gob.ar\/home\/wp-json\/wp\/v2\/posts\/5033","targetHints":{"allow":["GET"]}}],"collection":[{"href":"https:\/\/www.santaana.gob.ar\/home\/wp-json\/wp\/v2\/posts"}],"about":[{"href":"https:\/\/www.santaana.gob.ar\/home\/wp-json\/wp\/v2\/types\/post"}],"author":[{"embeddable":true,"href":"https:\/\/www.santaana.gob.ar\/home\/wp-json\/wp\/v2\/users\/1"}],"replies":[{"embeddable":true,"href":"https:\/\/www.santaana.gob.ar\/home\/wp-json\/wp\/v2\/comments?post=5033"}],"version-history":[{"count":1,"href":"https:\/\/www.santaana.gob.ar\/home\/wp-json\/wp\/v2\/posts\/5033\/revisions"}],"predecessor-version":[{"id":5034,"href":"https:\/\/www.santaana.gob.ar\/home\/wp-json\/wp\/v2\/posts\/5033\/revisions\/5034"}],"wp:featuredmedia":[{"embeddable":true,"href":"https:\/\/www.santaana.gob.ar\/home\/wp-json\/wp\/v2\/media\/4326"}],"wp:attachment":[{"href":"https:\/\/www.santaana.gob.ar\/home\/wp-json\/wp\/v2\/media?parent=5033"}],"wp:term":[{"taxonomy":"category","embeddable":true,"href":"https:\/\/www.santaana.gob.ar\/home\/wp-json\/wp\/v2\/categories?post=5033"},{"taxonomy":"post_tag","embeddable":true,"href":"https:\/\/www.santaana.gob.ar\/home\/wp-json\/wp\/v2\/tags?post=5033"}],"curies":[{"name":"wp","href":"https:\/\/api.w.org\/{rel}","templated":true}]}}