{"id":5011,"date":"2025-09-16T18:45:30","date_gmt":"2025-09-16T18:45:30","guid":{"rendered":"https:\/\/www.santaana.gob.ar\/home\/?p=5011"},"modified":"2025-09-16T18:45:30","modified_gmt":"2025-09-16T18:45:30","slug":"cross-aventura-x4-3","status":"publish","type":"post","link":"https:\/\/www.santaana.gob.ar\/home\/2025\/09\/16\/cross-aventura-x4-3\/","title":{"rendered":"CROSS AVENTURA X4"},"content":{"rendered":"<p>SANTA ANA ESCENARIO DE LA GRAN FINAL DEL CROSS AVENTURA X4<br \/>\n\u25aa\ufe0f El domingo nuestra ciudad fue escenario de la cuarta y \u00faltima fecha del circuito Cross Aventura X4.<br \/>\n\u25aa\ufe0f La competencia ofreci\u00f3 recorridos de 5 y 10 kil\u00f3metros, tanto en modalidad individual como en parejas, y cont\u00f3 con la participaci\u00f3n de corredores de distintas localidades del departamento, localidades vecinas, Corrientes y corredores de Salto, Uruguay .<br \/>\n\u25aa\ufe0f El circuito sorprendi\u00f3 a los corredores con paisajes \u00fanicos: tramos a la vera del r\u00edo Uruguay, senderos entre quintas de c\u00edtricos, pastizales y calles de la propia ciudad con muchas cuestas, lo que hizo de la carrera una experiencia tan exigente como atractiva.<br \/>\n\ud83c\udfc6 Una vez finalizada la competencia se llev\u00f3 a cabo la entrega de premios, con los siguientes resultados:<br \/>\n&#8211; 5k Damas: Brisa Arriola (Federaci\u00f3n)<br \/>\n&#8211; 5k Caballeros: Jorge Esp\u00edndola (Chajar\u00ed)<br \/>\n&#8211; 10k Damas: Noem\u00ed S\u00e1nchez (Chajar\u00ed)<br \/>\n&#8211; 10k Caballeros: Brian Gonz\u00e1lez (Federaci\u00f3n)<br \/>\n\ud83d\udcaa Adem\u00e1s Santa Ana tuvo su podio con ellos: tercer puesto en la general masculino de 5Km, Erizaga Guillermo; primer puesto en categor\u00eda  masculino \/ 20-29 a\u00f1os de 5Km Michellod El\u00edas y primer puesto en la categor\u00eda dupla mixta, 10Km, Goyeneche Mar\u00eda Luz\/ Lescano Rodolfo Jos\u00e9.<br \/>\n\ud83d\ude4c Un agradecimiento a todos los atletas de nuestra localidad que nos representaron de la mejor manera, ellos son: Nelson Paoli, Eric Michellod, Francisco Walther, El\u00edas Michellod, Guillermo Erizaga, Laura Tacuabe y Estela Demarco.<br \/>\n\u25aa\ufe0f Esta competencia es organizada por los municipios de San Jaime, Los Conquistadores, Chajar\u00ed, Mocoret\u00e1, Villa del Rosario y Santa Ana, donde se realiz\u00f3 la gran final.<br \/>\n\ud83d\udc4f \u00a1Felicitaciones a todos!<br \/>\n\ud83d\udcf8 Si queres ver los resultados completos y m\u00e1s im\u00e1genes del Cross ingresa a este link https:\/\/goo.su\/EkUyAm<\/p>\n","protected":false},"excerpt":{"rendered":"<p>SANTA ANA ESCENARIO DE LA GRAN FINAL DEL CROSS AVENTURA X4 \u25aa\ufe0f El domingo nuestra ciudad fue escenario de la cuarta y \u00faltima fecha del circuito Cross Aventura X4. \u25aa\ufe0f La competencia ofreci\u00f3 recorridos de 5 y 10 kil\u00f3metros, tanto en modalidad individual como en parejas, y cont\u00f3 con la participaci\u00f3n de corredores de distintas<a class=\"moretag\" href=\"https:\/\/www.santaana.gob.ar\/home\/2025\/09\/16\/cross-aventura-x4-3\/\"><span class=\"screen-reader-text\">Leer m\u00e1s sobre CROSS AVENTURA X4<\/span>[&#8230;]<\/a><\/p>\n","protected":false},"author":1,"featured_media":5012,"comment_status":"open","ping_status":"open","sticky":false,"template":"","format":"standard","meta":{"footnotes":""},"categories":[1],"tags":[],"class_list":["post-5011","post","type-post","status-publish","format-standard","has-post-thumbnail","hentry","category-noticias"],"_links":{"self":[{"href":"https:\/\/www.santaana.gob.ar\/home\/wp-json\/wp\/v2\/posts\/5011","targetHints":{"allow":["GET"]}}],"collection":[{"href":"https:\/\/www.santaana.gob.ar\/home\/wp-json\/wp\/v2\/posts"}],"about":[{"href":"https:\/\/www.santaana.gob.ar\/home\/wp-json\/wp\/v2\/types\/post"}],"author":[{"embeddable":true,"href":"https:\/\/www.santaana.gob.ar\/home\/wp-json\/wp\/v2\/users\/1"}],"replies":[{"embeddable":true,"href":"https:\/\/www.santaana.gob.ar\/home\/wp-json\/wp\/v2\/comments?post=5011"}],"version-history":[{"count":1,"href":"https:\/\/www.santaana.gob.ar\/home\/wp-json\/wp\/v2\/posts\/5011\/revisions"}],"predecessor-version":[{"id":5013,"href":"https:\/\/www.santaana.gob.ar\/home\/wp-json\/wp\/v2\/posts\/5011\/revisions\/5013"}],"wp:featuredmedia":[{"embeddable":true,"href":"https:\/\/www.santaana.gob.ar\/home\/wp-json\/wp\/v2\/media\/5012"}],"wp:attachment":[{"href":"https:\/\/www.santaana.gob.ar\/home\/wp-json\/wp\/v2\/media?parent=5011"}],"wp:term":[{"taxonomy":"category","embeddable":true,"href":"https:\/\/www.santaana.gob.ar\/home\/wp-json\/wp\/v2\/categories?post=5011"},{"taxonomy":"post_tag","embeddable":true,"href":"https:\/\/www.santaana.gob.ar\/home\/wp-json\/wp\/v2\/tags?post=5011"}],"curies":[{"name":"wp","href":"https:\/\/api.w.org\/{rel}","templated":true}]}}