{"id":5008,"date":"2025-09-15T12:48:49","date_gmt":"2025-09-15T12:48:49","guid":{"rendered":"https:\/\/www.santaana.gob.ar\/home\/?p=5008"},"modified":"2025-09-15T12:48:49","modified_gmt":"2025-09-15T12:48:49","slug":"santa-ana-disfruto-el-folclore","status":"publish","type":"post","link":"https:\/\/www.santaana.gob.ar\/home\/2025\/09\/15\/santa-ana-disfruto-el-folclore\/","title":{"rendered":"SANTA ANA DISFRUT\u00d3 EL FOLCLORE"},"content":{"rendered":"<p>Este domingo se realiz\u00f3 en nuestra ciudad el Segundo Encuentro de bailarines folcl\u00f3ricos donde participaron grupos de baile y ballet de distintas localidades de la regi\u00f3n.<br \/>\n\ud83d\ude4c Nuestra Plaza San Mart\u00edn estuvo colmada de gente que disfrut\u00f3 de este exitoso encuentro.<br \/>\n\ud83d\udcaa Se realizaron sorteos, agasajo a los bailarines y al finalizar se llev\u00f3 a cabo una capacitacion intensiva a cargo de Nicol\u00e1s Ellemberger y Florencia Martinez, de la ciudad de Parana<br \/>\n\u25aa\ufe0f El evento fue organizado por la Municipalidad de Santa Ana y el Taller de Danzas infanto juvenil municipal a cargo de la profesora Ver\u00f3nica Silvestri.<\/p>\n","protected":false},"excerpt":{"rendered":"<p>Este domingo se realiz\u00f3 en nuestra ciudad el Segundo Encuentro de bailarines folcl\u00f3ricos donde participaron grupos de baile y ballet de distintas localidades de la regi\u00f3n. \ud83d\ude4c Nuestra Plaza San Mart\u00edn estuvo colmada de gente que disfrut\u00f3 de este exitoso encuentro. \ud83d\udcaa Se realizaron sorteos, agasajo a los bailarines y al finalizar se llev\u00f3 a<a class=\"moretag\" href=\"https:\/\/www.santaana.gob.ar\/home\/2025\/09\/15\/santa-ana-disfruto-el-folclore\/\"><span class=\"screen-reader-text\">Leer m\u00e1s sobre SANTA ANA DISFRUT\u00d3 EL FOLCLORE<\/span>[&#8230;]<\/a><\/p>\n","protected":false},"author":1,"featured_media":5009,"comment_status":"open","ping_status":"open","sticky":false,"template":"","format":"standard","meta":{"footnotes":""},"categories":[1],"tags":[],"class_list":["post-5008","post","type-post","status-publish","format-standard","has-post-thumbnail","hentry","category-noticias"],"_links":{"self":[{"href":"https:\/\/www.santaana.gob.ar\/home\/wp-json\/wp\/v2\/posts\/5008","targetHints":{"allow":["GET"]}}],"collection":[{"href":"https:\/\/www.santaana.gob.ar\/home\/wp-json\/wp\/v2\/posts"}],"about":[{"href":"https:\/\/www.santaana.gob.ar\/home\/wp-json\/wp\/v2\/types\/post"}],"author":[{"embeddable":true,"href":"https:\/\/www.santaana.gob.ar\/home\/wp-json\/wp\/v2\/users\/1"}],"replies":[{"embeddable":true,"href":"https:\/\/www.santaana.gob.ar\/home\/wp-json\/wp\/v2\/comments?post=5008"}],"version-history":[{"count":1,"href":"https:\/\/www.santaana.gob.ar\/home\/wp-json\/wp\/v2\/posts\/5008\/revisions"}],"predecessor-version":[{"id":5010,"href":"https:\/\/www.santaana.gob.ar\/home\/wp-json\/wp\/v2\/posts\/5008\/revisions\/5010"}],"wp:featuredmedia":[{"embeddable":true,"href":"https:\/\/www.santaana.gob.ar\/home\/wp-json\/wp\/v2\/media\/5009"}],"wp:attachment":[{"href":"https:\/\/www.santaana.gob.ar\/home\/wp-json\/wp\/v2\/media?parent=5008"}],"wp:term":[{"taxonomy":"category","embeddable":true,"href":"https:\/\/www.santaana.gob.ar\/home\/wp-json\/wp\/v2\/categories?post=5008"},{"taxonomy":"post_tag","embeddable":true,"href":"https:\/\/www.santaana.gob.ar\/home\/wp-json\/wp\/v2\/tags?post=5008"}],"curies":[{"name":"wp","href":"https:\/\/api.w.org\/{rel}","templated":true}]}}