{"id":5006,"date":"2025-09-12T18:43:07","date_gmt":"2025-09-12T18:43:07","guid":{"rendered":"https:\/\/www.santaana.gob.ar\/home\/?p=5006"},"modified":"2025-09-12T18:43:07","modified_gmt":"2025-09-12T18:43:07","slug":"segundo-encuentro-regional-de-bailarines-folcloricos","status":"publish","type":"post","link":"https:\/\/www.santaana.gob.ar\/home\/2025\/09\/12\/segundo-encuentro-regional-de-bailarines-folcloricos\/","title":{"rendered":"SEGUNDO ENCUENTRO REGIONAL DE BAILARINES FOLCL\u00d3RICOS"},"content":{"rendered":"<p>ESTE DOMINGO SE REALIZA EL SEGUNDO ENCUENTRO REGIONAL DE BAILARINES FOLCL\u00d3RICOS<br \/>\n\u25aa La actividad surgi\u00f3 como homenaje a Don Santiago \u00abEl ch\u00facaro\u00bb Ayala, reconocido bailar\u00edn, core\u00f3grafo y maestro del folclore argentino, quien falleci\u00f3 en el a\u00f1o 1994.<br \/>\n\u25aa\ufe0f Participar\u00e1n bailarines de San Jaime, San Pedro, Federaci\u00f3n, Concordia, Villa del Rosario y Santa Ana, con la presencia de Nicol\u00e1s y Florencia de Paran\u00e1.<br \/>\n\ud83d\udc49 Posteriormente, y para los bailarines presentes,  se realizar\u00e1 una capacitaci\u00f3n intensiva de zapateo y danzas del litoral con capacitadores de la ciudad de Paran\u00e1.<br \/>\n\u25aa Invitamos a emprendedores y artesanos a participar durante esa jornada con su stand.<br \/>\n\ud83d\udc47Agend\u00e1:<br \/>\n\ud83d\udcc5 14 de septiembre<br \/>\n\ud83d\udccd Plaza San Mart\u00edn y Centro Cultural Municipal<br \/>\n\ud83d\udd51 A partir de las 14 horas.<\/p>\n","protected":false},"excerpt":{"rendered":"<p>ESTE DOMINGO SE REALIZA EL SEGUNDO ENCUENTRO REGIONAL DE BAILARINES FOLCL\u00d3RICOS \u25aa La actividad surgi\u00f3 como homenaje a Don Santiago \u00abEl ch\u00facaro\u00bb Ayala, reconocido bailar\u00edn, core\u00f3grafo y maestro del folclore argentino, quien falleci\u00f3 en el a\u00f1o 1994. \u25aa\ufe0f Participar\u00e1n bailarines de San Jaime, San Pedro, Federaci\u00f3n, Concordia, Villa del Rosario y Santa Ana, con la<a class=\"moretag\" href=\"https:\/\/www.santaana.gob.ar\/home\/2025\/09\/12\/segundo-encuentro-regional-de-bailarines-folcloricos\/\"><span class=\"screen-reader-text\">Leer m\u00e1s sobre SEGUNDO ENCUENTRO REGIONAL DE BAILARINES FOLCL\u00d3RICOS<\/span>[&#8230;]<\/a><\/p>\n","protected":false},"author":1,"featured_media":4972,"comment_status":"open","ping_status":"open","sticky":false,"template":"","format":"standard","meta":{"footnotes":""},"categories":[1],"tags":[],"class_list":["post-5006","post","type-post","status-publish","format-standard","has-post-thumbnail","hentry","category-noticias"],"_links":{"self":[{"href":"https:\/\/www.santaana.gob.ar\/home\/wp-json\/wp\/v2\/posts\/5006","targetHints":{"allow":["GET"]}}],"collection":[{"href":"https:\/\/www.santaana.gob.ar\/home\/wp-json\/wp\/v2\/posts"}],"about":[{"href":"https:\/\/www.santaana.gob.ar\/home\/wp-json\/wp\/v2\/types\/post"}],"author":[{"embeddable":true,"href":"https:\/\/www.santaana.gob.ar\/home\/wp-json\/wp\/v2\/users\/1"}],"replies":[{"embeddable":true,"href":"https:\/\/www.santaana.gob.ar\/home\/wp-json\/wp\/v2\/comments?post=5006"}],"version-history":[{"count":1,"href":"https:\/\/www.santaana.gob.ar\/home\/wp-json\/wp\/v2\/posts\/5006\/revisions"}],"predecessor-version":[{"id":5007,"href":"https:\/\/www.santaana.gob.ar\/home\/wp-json\/wp\/v2\/posts\/5006\/revisions\/5007"}],"wp:featuredmedia":[{"embeddable":true,"href":"https:\/\/www.santaana.gob.ar\/home\/wp-json\/wp\/v2\/media\/4972"}],"wp:attachment":[{"href":"https:\/\/www.santaana.gob.ar\/home\/wp-json\/wp\/v2\/media?parent=5006"}],"wp:term":[{"taxonomy":"category","embeddable":true,"href":"https:\/\/www.santaana.gob.ar\/home\/wp-json\/wp\/v2\/categories?post=5006"},{"taxonomy":"post_tag","embeddable":true,"href":"https:\/\/www.santaana.gob.ar\/home\/wp-json\/wp\/v2\/tags?post=5006"}],"curies":[{"name":"wp","href":"https:\/\/api.w.org\/{rel}","templated":true}]}}