{"id":4987,"date":"2025-09-08T13:57:35","date_gmt":"2025-09-08T13:57:35","guid":{"rendered":"https:\/\/www.santaana.gob.ar\/home\/?p=4987"},"modified":"2025-09-08T14:13:14","modified_gmt":"2025-09-08T14:13:14","slug":"llamado-a-licitacion-no-04-2025","status":"publish","type":"post","link":"https:\/\/www.santaana.gob.ar\/home\/2025\/09\/08\/llamado-a-licitacion-no-04-2025\/","title":{"rendered":"LLAMADO A LICITACI\u00d3N N\u00ba 04\/2025"},"content":{"rendered":"<p>La Municipalidad de Santa Ana, provincia de Entre R\u00edos, dispone el llamado a Licitaci\u00f3n P\u00fablica que asignar\u00e1 elN\u00ba 04\/2025, con el objeto de adjudicar la concesi\u00f3n de la explotaci\u00f3n de los servicios de \u201cProveedur\u00eda, Cantina y Helader\u00eda\u201d en el \u201cParador N\u00ba 1\u201d del Balneario de Santa Ana por el per\u00edodo desde el 01 de Diciembre de 2025 hasta el 28 de Febrero de 2026.<br \/>\nSe establece el d\u00eda martes 30 de septiembre 2025 a las 10:00 Hs. la fecha para la apertura de los sobres correspondientes a la licitaci\u00f3n dispuesta por la presente.<\/p>\n<p><b>DESCARGAR PLIEGOS<\/b><br \/>\n<a href=\"http:\/\/www.santaana.gob.ar\/Licitaciones\/2025\/04\/Decreto.pdf\">Decreto<\/a><br \/>\n<a href=\"http:\/\/www.santaana.gob.ar\/Licitaciones\/2025\/04\/Generales.pdf\">Pliegos condiciones Generales<\/a><br \/>\n<a href=\"http:\/\/www.santaana.gob.ar\/Licitaciones\/2025\/04\/Particulares.pdf\">Pliegos condiciones Particulares<\/a><br \/>\n<a href=\"http:\/\/www.santaana.gob.ar\/Licitaciones\/2025\/04\/anexo1.pdf\">Anexo I<\/a><br \/>\n<a href=\"http:\/\/www.santaana.gob.ar\/Licitaciones\/2025\/04\/anexo2.pdf\">Anexo II<\/a><\/p>\n","protected":false},"excerpt":{"rendered":"<p>La Municipalidad de Santa Ana, provincia de Entre R\u00edos, dispone el llamado a Licitaci\u00f3n P\u00fablica que asignar\u00e1 elN\u00ba 04\/2025, con el objeto de adjudicar la concesi\u00f3n de la explotaci\u00f3n de los servicios de \u201cProveedur\u00eda, Cantina y Helader\u00eda\u201d en el \u201cParador N\u00ba 1\u201d del Balneario de Santa Ana por el per\u00edodo desde el 01 de Diciembre<a class=\"moretag\" href=\"https:\/\/www.santaana.gob.ar\/home\/2025\/09\/08\/llamado-a-licitacion-no-04-2025\/\"><span class=\"screen-reader-text\">Leer m\u00e1s sobre LLAMADO A LICITACI\u00d3N N\u00ba 04\/2025<\/span>[&#8230;]<\/a><\/p>\n","protected":false},"author":1,"featured_media":4326,"comment_status":"open","ping_status":"open","sticky":false,"template":"","format":"standard","meta":{"footnotes":""},"categories":[1],"tags":[],"class_list":["post-4987","post","type-post","status-publish","format-standard","has-post-thumbnail","hentry","category-noticias"],"_links":{"self":[{"href":"https:\/\/www.santaana.gob.ar\/home\/wp-json\/wp\/v2\/posts\/4987","targetHints":{"allow":["GET"]}}],"collection":[{"href":"https:\/\/www.santaana.gob.ar\/home\/wp-json\/wp\/v2\/posts"}],"about":[{"href":"https:\/\/www.santaana.gob.ar\/home\/wp-json\/wp\/v2\/types\/post"}],"author":[{"embeddable":true,"href":"https:\/\/www.santaana.gob.ar\/home\/wp-json\/wp\/v2\/users\/1"}],"replies":[{"embeddable":true,"href":"https:\/\/www.santaana.gob.ar\/home\/wp-json\/wp\/v2\/comments?post=4987"}],"version-history":[{"count":3,"href":"https:\/\/www.santaana.gob.ar\/home\/wp-json\/wp\/v2\/posts\/4987\/revisions"}],"predecessor-version":[{"id":4993,"href":"https:\/\/www.santaana.gob.ar\/home\/wp-json\/wp\/v2\/posts\/4987\/revisions\/4993"}],"wp:featuredmedia":[{"embeddable":true,"href":"https:\/\/www.santaana.gob.ar\/home\/wp-json\/wp\/v2\/media\/4326"}],"wp:attachment":[{"href":"https:\/\/www.santaana.gob.ar\/home\/wp-json\/wp\/v2\/media?parent=4987"}],"wp:term":[{"taxonomy":"category","embeddable":true,"href":"https:\/\/www.santaana.gob.ar\/home\/wp-json\/wp\/v2\/categories?post=4987"},{"taxonomy":"post_tag","embeddable":true,"href":"https:\/\/www.santaana.gob.ar\/home\/wp-json\/wp\/v2\/tags?post=4987"}],"curies":[{"name":"wp","href":"https:\/\/api.w.org\/{rel}","templated":true}]}}