{"id":4982,"date":"2025-09-05T13:46:55","date_gmt":"2025-09-05T13:46:55","guid":{"rendered":"https:\/\/www.santaana.gob.ar\/home\/?p=4982"},"modified":"2025-09-05T13:46:55","modified_gmt":"2025-09-05T13:46:55","slug":"cena-por-el-dia-internacional-del-turismo","status":"publish","type":"post","link":"https:\/\/www.santaana.gob.ar\/home\/2025\/09\/05\/cena-por-el-dia-internacional-del-turismo\/","title":{"rendered":"CENA POR EL D\u00cdA INTERNACIONAL DEL TURISMO"},"content":{"rendered":"<p>La Direcci\u00f3n de Cultura y Turismo de la Municipalidad de Santa Ana invita a todos los prestadores de servicios del rubro a celebrar este d\u00eda con una cena que se llevar\u00e1 a cabo el s\u00e1bado 27 de septiembre en las instalaciones del Camping Municipal.<br \/>\n\u25aa\ufe0f Bajo el lema \u00abTurismo y Transformaci\u00f3n Sostenible\u00bb este a\u00f1o el trabajo pone \u00e9nfasis en el turismo como un gran agente de cambio y generador de oportunidades no s\u00f3lo para el sector sino tambi\u00e9n para una sociedad.<br \/>\n\u25aa\ufe0f Si quer\u00e9s acompa\u00f1arnos pod\u00e9s adquirir las tarjetas (que tienen un costo de $30000) en los siguientes puntos de venta:<br \/>\n\ud83d\udc49 Autoservicio Cecilia Dalzotto, 3456 593355, Santa Ana<br \/>\n\ud83d\udc49 Al n\u00famero 3456 439065, Santa Ana<br \/>\n\ud83d\udc49 Juan y Ana Pe\u00f1a, 3456 454117<br \/>\n\ud83d\udc49 Direcci\u00f3n de Turismo de Villa del Rosario, 3456 407544<br \/>\n\ud83d\udc49 Direcci\u00f3n de Cultura y Turismo de Santa Ana 3456   659888<br \/>\n\ud83e\udd1d \u00a1Ven\u00ed a compartir este encuentro con nosotros!<\/p>\n","protected":false},"excerpt":{"rendered":"<p>La Direcci\u00f3n de Cultura y Turismo de la Municipalidad de Santa Ana invita a todos los prestadores de servicios del rubro a celebrar este d\u00eda con una cena que se llevar\u00e1 a cabo el s\u00e1bado 27 de septiembre en las instalaciones del Camping Municipal. \u25aa\ufe0f Bajo el lema \u00abTurismo y Transformaci\u00f3n Sostenible\u00bb este a\u00f1o el<a class=\"moretag\" href=\"https:\/\/www.santaana.gob.ar\/home\/2025\/09\/05\/cena-por-el-dia-internacional-del-turismo\/\"><span class=\"screen-reader-text\">Leer m\u00e1s sobre CENA POR EL D\u00cdA INTERNACIONAL DEL TURISMO<\/span>[&#8230;]<\/a><\/p>\n","protected":false},"author":1,"featured_media":4366,"comment_status":"open","ping_status":"open","sticky":false,"template":"","format":"standard","meta":{"footnotes":""},"categories":[1],"tags":[],"class_list":["post-4982","post","type-post","status-publish","format-standard","has-post-thumbnail","hentry","category-noticias"],"_links":{"self":[{"href":"https:\/\/www.santaana.gob.ar\/home\/wp-json\/wp\/v2\/posts\/4982","targetHints":{"allow":["GET"]}}],"collection":[{"href":"https:\/\/www.santaana.gob.ar\/home\/wp-json\/wp\/v2\/posts"}],"about":[{"href":"https:\/\/www.santaana.gob.ar\/home\/wp-json\/wp\/v2\/types\/post"}],"author":[{"embeddable":true,"href":"https:\/\/www.santaana.gob.ar\/home\/wp-json\/wp\/v2\/users\/1"}],"replies":[{"embeddable":true,"href":"https:\/\/www.santaana.gob.ar\/home\/wp-json\/wp\/v2\/comments?post=4982"}],"version-history":[{"count":1,"href":"https:\/\/www.santaana.gob.ar\/home\/wp-json\/wp\/v2\/posts\/4982\/revisions"}],"predecessor-version":[{"id":4983,"href":"https:\/\/www.santaana.gob.ar\/home\/wp-json\/wp\/v2\/posts\/4982\/revisions\/4983"}],"wp:featuredmedia":[{"embeddable":true,"href":"https:\/\/www.santaana.gob.ar\/home\/wp-json\/wp\/v2\/media\/4366"}],"wp:attachment":[{"href":"https:\/\/www.santaana.gob.ar\/home\/wp-json\/wp\/v2\/media?parent=4982"}],"wp:term":[{"taxonomy":"category","embeddable":true,"href":"https:\/\/www.santaana.gob.ar\/home\/wp-json\/wp\/v2\/categories?post=4982"},{"taxonomy":"post_tag","embeddable":true,"href":"https:\/\/www.santaana.gob.ar\/home\/wp-json\/wp\/v2\/tags?post=4982"}],"curies":[{"name":"wp","href":"https:\/\/api.w.org\/{rel}","templated":true}]}}