{"id":4979,"date":"2025-09-05T11:16:10","date_gmt":"2025-09-05T11:16:10","guid":{"rendered":"https:\/\/www.santaana.gob.ar\/home\/?p=4979"},"modified":"2025-09-05T11:16:10","modified_gmt":"2025-09-05T11:16:10","slug":"cross-aventura-x4-en-santa-ana","status":"publish","type":"post","link":"https:\/\/www.santaana.gob.ar\/home\/2025\/09\/05\/cross-aventura-x4-en-santa-ana\/","title":{"rendered":"CROSS AVENTURA X4 EN SANTA ANA"},"content":{"rendered":"<p>SE VIENE EL CROSS AVENTURA X4 EN SANTA ANA<br \/>\n\ud83c\udfc3 La actividad se llevar\u00e1 a cabo en nuestra ciudad el domingo 14 de septiembre y es organizada en conjunto por las Direcciones de Deportes de las localidades de Chajar\u00ed, Santa Ana, Villa del Rosario, San Jaime de la Frontera, Los Conquistadores y Mocoret\u00e1.<br \/>\n\u25aa\ufe0f Las inscripciones ya se encuentran abiertas y tienen un valor de $15000 hasta el mi\u00e9rcoles previo a la carrera y de $20000 pasada esa fecha. Infantiles gratuitos.<br \/>\n\u25aa\ufe0f La largada de mayores ser\u00e1 a partir de las 10 horas y la de menores posterior a la misma. Se correr\u00e1n en las categor\u00edas individual (5Km y 10 Km),  en parejas (5Km y 10 Km) y categor\u00eda especial participativa (5Km).<br \/>\n\u2139\ufe0f Por mayor informaci\u00f3n podes ingresar al siguiente link: https:\/\/goo.su\/k8L2uK<\/p>\n","protected":false},"excerpt":{"rendered":"<p>SE VIENE EL CROSS AVENTURA X4 EN SANTA ANA \ud83c\udfc3 La actividad se llevar\u00e1 a cabo en nuestra ciudad el domingo 14 de septiembre y es organizada en conjunto por las Direcciones de Deportes de las localidades de Chajar\u00ed, Santa Ana, Villa del Rosario, San Jaime de la Frontera, Los Conquistadores y Mocoret\u00e1. \u25aa\ufe0f Las<a class=\"moretag\" href=\"https:\/\/www.santaana.gob.ar\/home\/2025\/09\/05\/cross-aventura-x4-en-santa-ana\/\"><span class=\"screen-reader-text\">Leer m\u00e1s sobre CROSS AVENTURA X4 EN SANTA ANA<\/span>[&#8230;]<\/a><\/p>\n","protected":false},"author":1,"featured_media":4980,"comment_status":"open","ping_status":"open","sticky":false,"template":"","format":"standard","meta":{"footnotes":""},"categories":[1],"tags":[],"class_list":["post-4979","post","type-post","status-publish","format-standard","has-post-thumbnail","hentry","category-noticias"],"_links":{"self":[{"href":"https:\/\/www.santaana.gob.ar\/home\/wp-json\/wp\/v2\/posts\/4979","targetHints":{"allow":["GET"]}}],"collection":[{"href":"https:\/\/www.santaana.gob.ar\/home\/wp-json\/wp\/v2\/posts"}],"about":[{"href":"https:\/\/www.santaana.gob.ar\/home\/wp-json\/wp\/v2\/types\/post"}],"author":[{"embeddable":true,"href":"https:\/\/www.santaana.gob.ar\/home\/wp-json\/wp\/v2\/users\/1"}],"replies":[{"embeddable":true,"href":"https:\/\/www.santaana.gob.ar\/home\/wp-json\/wp\/v2\/comments?post=4979"}],"version-history":[{"count":1,"href":"https:\/\/www.santaana.gob.ar\/home\/wp-json\/wp\/v2\/posts\/4979\/revisions"}],"predecessor-version":[{"id":4981,"href":"https:\/\/www.santaana.gob.ar\/home\/wp-json\/wp\/v2\/posts\/4979\/revisions\/4981"}],"wp:featuredmedia":[{"embeddable":true,"href":"https:\/\/www.santaana.gob.ar\/home\/wp-json\/wp\/v2\/media\/4980"}],"wp:attachment":[{"href":"https:\/\/www.santaana.gob.ar\/home\/wp-json\/wp\/v2\/media?parent=4979"}],"wp:term":[{"taxonomy":"category","embeddable":true,"href":"https:\/\/www.santaana.gob.ar\/home\/wp-json\/wp\/v2\/categories?post=4979"},{"taxonomy":"post_tag","embeddable":true,"href":"https:\/\/www.santaana.gob.ar\/home\/wp-json\/wp\/v2\/tags?post=4979"}],"curies":[{"name":"wp","href":"https:\/\/api.w.org\/{rel}","templated":true}]}}