{"id":4976,"date":"2025-08-29T12:25:56","date_gmt":"2025-08-29T12:25:56","guid":{"rendered":"https:\/\/www.santaana.gob.ar\/home\/?p=4976"},"modified":"2025-08-29T12:25:56","modified_gmt":"2025-08-29T12:25:56","slug":"convenio-municipalidad-y-colegio-de-arquitectos-de-entre-rios","status":"publish","type":"post","link":"https:\/\/www.santaana.gob.ar\/home\/2025\/08\/29\/convenio-municipalidad-y-colegio-de-arquitectos-de-entre-rios\/","title":{"rendered":"CONVENIO MUNICIPALIDAD Y COLEGIO DE ARQUITECTOS DE ENTRE R\u00cdOS"},"content":{"rendered":"<p>FIRMA DE CONVENIO ENTRE NUESTRA MUNICIPALIDAD Y EL COLEGIO DE ARQUITECTOS DE ENTRE R\u00cdOS<br \/>\n\u25aa\ufe0f A horas de cumplirse un a\u00f1o de un d\u00eda hist\u00f3rico, el surgimiento del agua termal en nuestra la localidad, hemos dado un paso m\u00e1s en lo que va a ser el gran salto de un desarrollo sustentable en materia tur\u00edstica.<br \/>\n\ud83d\ude4c En representaci\u00f3n de CAPER, su presidenta la Arq. Mar\u00eda Silvina Palacios, y nuestro Presidente Municipal Rogelio Zanandrea firmaron un convenio que tiene por finalidad el desarrollo en todas sus etapas del \u00abConcurso Provincial de Ideas y Anteproyecto para el Parque Termal de Santa Ana\u00bb.<br \/>\n\ud83d\udcaa Nuestro sue\u00f1o que se hizo realidad, sigue creciendo.<\/p>\n","protected":false},"excerpt":{"rendered":"<p>FIRMA DE CONVENIO ENTRE NUESTRA MUNICIPALIDAD Y EL COLEGIO DE ARQUITECTOS DE ENTRE R\u00cdOS \u25aa\ufe0f A horas de cumplirse un a\u00f1o de un d\u00eda hist\u00f3rico, el surgimiento del agua termal en nuestra la localidad, hemos dado un paso m\u00e1s en lo que va a ser el gran salto de un desarrollo sustentable en materia tur\u00edstica.<a class=\"moretag\" href=\"https:\/\/www.santaana.gob.ar\/home\/2025\/08\/29\/convenio-municipalidad-y-colegio-de-arquitectos-de-entre-rios\/\"><span class=\"screen-reader-text\">Leer m\u00e1s sobre CONVENIO MUNICIPALIDAD Y COLEGIO DE ARQUITECTOS DE ENTRE R\u00cdOS<\/span>[&#8230;]<\/a><\/p>\n","protected":false},"author":1,"featured_media":4977,"comment_status":"open","ping_status":"open","sticky":false,"template":"","format":"standard","meta":{"footnotes":""},"categories":[1],"tags":[],"class_list":["post-4976","post","type-post","status-publish","format-standard","has-post-thumbnail","hentry","category-noticias"],"_links":{"self":[{"href":"https:\/\/www.santaana.gob.ar\/home\/wp-json\/wp\/v2\/posts\/4976","targetHints":{"allow":["GET"]}}],"collection":[{"href":"https:\/\/www.santaana.gob.ar\/home\/wp-json\/wp\/v2\/posts"}],"about":[{"href":"https:\/\/www.santaana.gob.ar\/home\/wp-json\/wp\/v2\/types\/post"}],"author":[{"embeddable":true,"href":"https:\/\/www.santaana.gob.ar\/home\/wp-json\/wp\/v2\/users\/1"}],"replies":[{"embeddable":true,"href":"https:\/\/www.santaana.gob.ar\/home\/wp-json\/wp\/v2\/comments?post=4976"}],"version-history":[{"count":1,"href":"https:\/\/www.santaana.gob.ar\/home\/wp-json\/wp\/v2\/posts\/4976\/revisions"}],"predecessor-version":[{"id":4978,"href":"https:\/\/www.santaana.gob.ar\/home\/wp-json\/wp\/v2\/posts\/4976\/revisions\/4978"}],"wp:featuredmedia":[{"embeddable":true,"href":"https:\/\/www.santaana.gob.ar\/home\/wp-json\/wp\/v2\/media\/4977"}],"wp:attachment":[{"href":"https:\/\/www.santaana.gob.ar\/home\/wp-json\/wp\/v2\/media?parent=4976"}],"wp:term":[{"taxonomy":"category","embeddable":true,"href":"https:\/\/www.santaana.gob.ar\/home\/wp-json\/wp\/v2\/categories?post=4976"},{"taxonomy":"post_tag","embeddable":true,"href":"https:\/\/www.santaana.gob.ar\/home\/wp-json\/wp\/v2\/tags?post=4976"}],"curies":[{"name":"wp","href":"https:\/\/api.w.org\/{rel}","templated":true}]}}