{"id":4968,"date":"2025-08-27T13:15:12","date_gmt":"2025-08-27T13:15:12","guid":{"rendered":"https:\/\/www.santaana.gob.ar\/home\/?p=4968"},"modified":"2025-08-27T13:15:12","modified_gmt":"2025-08-27T13:15:12","slug":"taller-de-voley","status":"publish","type":"post","link":"https:\/\/www.santaana.gob.ar\/home\/2025\/08\/27\/taller-de-voley\/","title":{"rendered":"TALLER DE VOLEY"},"content":{"rendered":"<p>SUMATE AL TALLER DE VOLEY \ud83d\udcaa<br \/>\n\u00a1El mismo ya dio inicio pero todav\u00eda est\u00e1s a tiempo!<br \/>\nSe dicta los martes a las 18 horas y los jueves a las 17.30 horas, en las categor\u00edas sub 15 y sub 17, masculino y femenino.<br \/>\n\u2139\ufe0f Si est\u00e1s interesado comunicate al 3456 447514o acercarte al play\u00f3n del Centro Social y Deportivo Santa Ana.<\/p>\n","protected":false},"excerpt":{"rendered":"<p>SUMATE AL TALLER DE VOLEY \ud83d\udcaa \u00a1El mismo ya dio inicio pero todav\u00eda est\u00e1s a tiempo! Se dicta los martes a las 18 horas y los jueves a las 17.30 horas, en las categor\u00edas sub 15 y sub 17, masculino y femenino. \u2139\ufe0f Si est\u00e1s interesado comunicate al 3456 447514o acercarte al play\u00f3n del Centro<a class=\"moretag\" href=\"https:\/\/www.santaana.gob.ar\/home\/2025\/08\/27\/taller-de-voley\/\"><span class=\"screen-reader-text\">Leer m\u00e1s sobre TALLER DE VOLEY<\/span>[&#8230;]<\/a><\/p>\n","protected":false},"author":1,"featured_media":4969,"comment_status":"open","ping_status":"open","sticky":false,"template":"","format":"standard","meta":{"footnotes":""},"categories":[1],"tags":[],"class_list":["post-4968","post","type-post","status-publish","format-standard","has-post-thumbnail","hentry","category-noticias"],"_links":{"self":[{"href":"https:\/\/www.santaana.gob.ar\/home\/wp-json\/wp\/v2\/posts\/4968","targetHints":{"allow":["GET"]}}],"collection":[{"href":"https:\/\/www.santaana.gob.ar\/home\/wp-json\/wp\/v2\/posts"}],"about":[{"href":"https:\/\/www.santaana.gob.ar\/home\/wp-json\/wp\/v2\/types\/post"}],"author":[{"embeddable":true,"href":"https:\/\/www.santaana.gob.ar\/home\/wp-json\/wp\/v2\/users\/1"}],"replies":[{"embeddable":true,"href":"https:\/\/www.santaana.gob.ar\/home\/wp-json\/wp\/v2\/comments?post=4968"}],"version-history":[{"count":1,"href":"https:\/\/www.santaana.gob.ar\/home\/wp-json\/wp\/v2\/posts\/4968\/revisions"}],"predecessor-version":[{"id":4970,"href":"https:\/\/www.santaana.gob.ar\/home\/wp-json\/wp\/v2\/posts\/4968\/revisions\/4970"}],"wp:featuredmedia":[{"embeddable":true,"href":"https:\/\/www.santaana.gob.ar\/home\/wp-json\/wp\/v2\/media\/4969"}],"wp:attachment":[{"href":"https:\/\/www.santaana.gob.ar\/home\/wp-json\/wp\/v2\/media?parent=4968"}],"wp:term":[{"taxonomy":"category","embeddable":true,"href":"https:\/\/www.santaana.gob.ar\/home\/wp-json\/wp\/v2\/categories?post=4968"},{"taxonomy":"post_tag","embeddable":true,"href":"https:\/\/www.santaana.gob.ar\/home\/wp-json\/wp\/v2\/tags?post=4968"}],"curies":[{"name":"wp","href":"https:\/\/api.w.org\/{rel}","templated":true}]}}