{"id":4870,"date":"2025-06-11T21:38:23","date_gmt":"2025-06-11T21:38:23","guid":{"rendered":"https:\/\/www.santaana.gob.ar\/home\/?p=4870"},"modified":"2025-06-11T21:38:23","modified_gmt":"2025-06-11T21:38:23","slug":"equipo-dea-para-la-comisaria-n19","status":"publish","type":"post","link":"https:\/\/www.santaana.gob.ar\/home\/2025\/06\/11\/equipo-dea-para-la-comisaria-n19\/","title":{"rendered":"EQUIPO DEA PARA LA COMISAR\u00cdA N\u00b019"},"content":{"rendered":"<p>ENTREGA DE UN EQUIPO DEA PARA LA COMISAR\u00cdA N\u00b019<br \/>\n\u25aa\ufe0f La encargada del \u00c1rea de Acci\u00f3n Social de la Municipalidad de Santa Ana, Milena Rolando, hizo entrega en el d\u00eda de ayer de un equipo desfribilador para que se utilice en la Oficina de Guardia de la Comisar\u00eda N\u00b0 19 de nuestra ciudad.<br \/>\n\u25aa\ufe0f Este dispositivo es de vital importancia ya que permite salvar vidas en casos de paros card\u00edacos, proporcionando una respuesta r\u00e1pida y efectiva en situaciones cr\u00edticas.<\/p>\n","protected":false},"excerpt":{"rendered":"<p>ENTREGA DE UN EQUIPO DEA PARA LA COMISAR\u00cdA N\u00b019 \u25aa\ufe0f La encargada del \u00c1rea de Acci\u00f3n Social de la Municipalidad de Santa Ana, Milena Rolando, hizo entrega en el d\u00eda de ayer de un equipo desfribilador para que se utilice en la Oficina de Guardia de la Comisar\u00eda N\u00b0 19 de nuestra ciudad. \u25aa\ufe0f Este<a class=\"moretag\" href=\"https:\/\/www.santaana.gob.ar\/home\/2025\/06\/11\/equipo-dea-para-la-comisaria-n19\/\"><span class=\"screen-reader-text\">Leer m\u00e1s sobre EQUIPO DEA PARA LA COMISAR\u00cdA N\u00b019<\/span>[&#8230;]<\/a><\/p>\n","protected":false},"author":1,"featured_media":4871,"comment_status":"open","ping_status":"open","sticky":false,"template":"","format":"standard","meta":{"footnotes":""},"categories":[1],"tags":[],"class_list":["post-4870","post","type-post","status-publish","format-standard","has-post-thumbnail","hentry","category-noticias"],"_links":{"self":[{"href":"https:\/\/www.santaana.gob.ar\/home\/wp-json\/wp\/v2\/posts\/4870","targetHints":{"allow":["GET"]}}],"collection":[{"href":"https:\/\/www.santaana.gob.ar\/home\/wp-json\/wp\/v2\/posts"}],"about":[{"href":"https:\/\/www.santaana.gob.ar\/home\/wp-json\/wp\/v2\/types\/post"}],"author":[{"embeddable":true,"href":"https:\/\/www.santaana.gob.ar\/home\/wp-json\/wp\/v2\/users\/1"}],"replies":[{"embeddable":true,"href":"https:\/\/www.santaana.gob.ar\/home\/wp-json\/wp\/v2\/comments?post=4870"}],"version-history":[{"count":1,"href":"https:\/\/www.santaana.gob.ar\/home\/wp-json\/wp\/v2\/posts\/4870\/revisions"}],"predecessor-version":[{"id":4872,"href":"https:\/\/www.santaana.gob.ar\/home\/wp-json\/wp\/v2\/posts\/4870\/revisions\/4872"}],"wp:featuredmedia":[{"embeddable":true,"href":"https:\/\/www.santaana.gob.ar\/home\/wp-json\/wp\/v2\/media\/4871"}],"wp:attachment":[{"href":"https:\/\/www.santaana.gob.ar\/home\/wp-json\/wp\/v2\/media?parent=4870"}],"wp:term":[{"taxonomy":"category","embeddable":true,"href":"https:\/\/www.santaana.gob.ar\/home\/wp-json\/wp\/v2\/categories?post=4870"},{"taxonomy":"post_tag","embeddable":true,"href":"https:\/\/www.santaana.gob.ar\/home\/wp-json\/wp\/v2\/tags?post=4870"}],"curies":[{"name":"wp","href":"https:\/\/api.w.org\/{rel}","templated":true}]}}