{"id":4865,"date":"2025-06-10T19:29:40","date_gmt":"2025-06-10T19:29:40","guid":{"rendered":"https:\/\/www.santaana.gob.ar\/home\/?p=4865"},"modified":"2025-06-12T14:03:34","modified_gmt":"2025-06-12T14:03:34","slug":"llamado-a-licitacion-no-01-2025","status":"publish","type":"post","link":"https:\/\/www.santaana.gob.ar\/home\/2025\/06\/10\/llamado-a-licitacion-no-01-2025\/","title":{"rendered":"LLAMADO A LICITACI\u00d3N N\u00ba 01\/2025"},"content":{"rendered":"<p>La Municipalidad de Santa Ana, provincia de Entre R\u00edos, dispone el llamado a Licitaci\u00f3n P\u00fablica que asignar\u00e1 el N\u00b001\/2025, con el objeto de adquirir equipo clasificador de residuos s\u00f3lidos urbanos para la Planta de Tratamientos de Residuos S\u00f3lidos Urbanos de la localidad de Santa Ana y cuyas caracter\u00edsticas t\u00e9cnicas se detallan en el Pliego de Condiciones Particulares.<\/p>\n<p><b>DESCARGAR PLIEGOS<\/b><br \/>\n<a href=\"http:\/\/www.santaana.gob.ar\/Licitaciones\/2025\/Caratula.pdf\">Tapa<\/a><br \/>\n<a href=\"http:\/\/www.santaana.gob.ar\/Licitaciones\/2025\/Decreto63-25.pdf\">Decreto<\/a><br \/>\n<a href=\"http:\/\/www.santaana.gob.ar\/Licitaciones\/2025\/Generales.pdf\">Pliegos condiciones Generales<\/a><br \/>\n<a href=\"http:\/\/www.santaana.gob.ar\/Licitaciones\/2025\/Particulares.pdf\">Pliegos condiciones Particulares<\/a><br \/>\n<a href=\"http:\/\/www.santaana.gob.ar\/Licitaciones\/2025\/Anexo.pdf\">Anexo I<\/a><br \/>\n<a href=\"http:\/\/www.santaana.gob.ar\/Licitaciones\/2025\/Anexo2.pdf\">Anexo II<\/a><\/p>\n","protected":false},"excerpt":{"rendered":"<p>La Municipalidad de Santa Ana, provincia de Entre R\u00edos, dispone el llamado a Licitaci\u00f3n P\u00fablica que asignar\u00e1 el N\u00b001\/2025, con el objeto de adquirir equipo clasificador de residuos s\u00f3lidos urbanos para la Planta de Tratamientos de Residuos S\u00f3lidos Urbanos de la localidad de Santa Ana y cuyas caracter\u00edsticas t\u00e9cnicas se detallan en el Pliego de<a class=\"moretag\" href=\"https:\/\/www.santaana.gob.ar\/home\/2025\/06\/10\/llamado-a-licitacion-no-01-2025\/\"><span class=\"screen-reader-text\">Leer m\u00e1s sobre LLAMADO A LICITACI\u00d3N N\u00ba 01\/2025<\/span>[&#8230;]<\/a><\/p>\n","protected":false},"author":1,"featured_media":4836,"comment_status":"open","ping_status":"open","sticky":false,"template":"","format":"standard","meta":{"footnotes":""},"categories":[1],"tags":[],"class_list":["post-4865","post","type-post","status-publish","format-standard","has-post-thumbnail","hentry","category-noticias"],"_links":{"self":[{"href":"https:\/\/www.santaana.gob.ar\/home\/wp-json\/wp\/v2\/posts\/4865","targetHints":{"allow":["GET"]}}],"collection":[{"href":"https:\/\/www.santaana.gob.ar\/home\/wp-json\/wp\/v2\/posts"}],"about":[{"href":"https:\/\/www.santaana.gob.ar\/home\/wp-json\/wp\/v2\/types\/post"}],"author":[{"embeddable":true,"href":"https:\/\/www.santaana.gob.ar\/home\/wp-json\/wp\/v2\/users\/1"}],"replies":[{"embeddable":true,"href":"https:\/\/www.santaana.gob.ar\/home\/wp-json\/wp\/v2\/comments?post=4865"}],"version-history":[{"count":3,"href":"https:\/\/www.santaana.gob.ar\/home\/wp-json\/wp\/v2\/posts\/4865\/revisions"}],"predecessor-version":[{"id":4964,"href":"https:\/\/www.santaana.gob.ar\/home\/wp-json\/wp\/v2\/posts\/4865\/revisions\/4964"}],"wp:featuredmedia":[{"embeddable":true,"href":"https:\/\/www.santaana.gob.ar\/home\/wp-json\/wp\/v2\/media\/4836"}],"wp:attachment":[{"href":"https:\/\/www.santaana.gob.ar\/home\/wp-json\/wp\/v2\/media?parent=4865"}],"wp:term":[{"taxonomy":"category","embeddable":true,"href":"https:\/\/www.santaana.gob.ar\/home\/wp-json\/wp\/v2\/categories?post=4865"},{"taxonomy":"post_tag","embeddable":true,"href":"https:\/\/www.santaana.gob.ar\/home\/wp-json\/wp\/v2\/tags?post=4865"}],"curies":[{"name":"wp","href":"https:\/\/api.w.org\/{rel}","templated":true}]}}