{"id":4856,"date":"2025-06-10T11:22:19","date_gmt":"2025-06-10T11:22:19","guid":{"rendered":"https:\/\/www.santaana.gob.ar\/home\/?p=4856"},"modified":"2025-06-10T11:22:19","modified_gmt":"2025-06-10T11:22:19","slug":"100-anos-de-la-biblioteca-popular","status":"publish","type":"post","link":"https:\/\/www.santaana.gob.ar\/home\/2025\/06\/10\/100-anos-de-la-biblioteca-popular\/","title":{"rendered":"100 A\u00d1OS DE LA BIBLIOTECA POPULAR"},"content":{"rendered":"<p>SE CUMPLEN 100 A\u00d1OS DE LA BIBLIOTECA POPULAR JOS\u00c9 BENJAM\u00cdN ZUBIAUR<br \/>\n\ud83e\udd14 \u00bf Sabias que su nombre corresponde al de un gran educador entrerriano?<br \/>\n\u25aa\ufe0f Jos\u00e9 Benjam\u00edn Zubiaur naci\u00f3 en Paran\u00e1 el 31 de marzo de 1856, realiz\u00f3 sus estudios primarios en su ciudad natal, luego el bachillerato en el Colegio Hist\u00f3rico de Concepci\u00f3n del Uruguay y egres\u00f3 con el t\u00edtulo de abogado de la Universidad de Buenos Aires pero no ejerci\u00f3 la profesi\u00f3n.<br \/>\n\ud83d\udcda Su labor se destac\u00f3 por sus ideas pedag\u00f3gicas renovadoras, las que estuvieron orientadas a que la ense\u00f1anza llegue a todos los sectores sociales.<br \/>\n\ud83e\udd38\u200d\u2642\ufe0f Fue un pionero defensor de la educaci\u00f3n f\u00edsica, de los viajes educativos, de la creaci\u00f3n de escuelas industriales y de adultos, y de la incorporaci\u00f3n de actividades pr\u00e1cticas e innovadoras como la fotograf\u00eda.<br \/>\n\u25aa\ufe0f Muri\u00f3 en Buenos Aires el 6 de septiembre de 1921.<br \/>\n\ud83d\ude4c Su legado es inmenso y es un orgullo que nuestra biblioteca lleve su nombre.<\/p>\n","protected":false},"excerpt":{"rendered":"<p>SE CUMPLEN 100 A\u00d1OS DE LA BIBLIOTECA POPULAR JOS\u00c9 BENJAM\u00cdN ZUBIAUR \ud83e\udd14 \u00bf Sabias que su nombre corresponde al de un gran educador entrerriano? \u25aa\ufe0f Jos\u00e9 Benjam\u00edn Zubiaur naci\u00f3 en Paran\u00e1 el 31 de marzo de 1856, realiz\u00f3 sus estudios primarios en su ciudad natal, luego el bachillerato en el Colegio Hist\u00f3rico de Concepci\u00f3n del<a class=\"moretag\" href=\"https:\/\/www.santaana.gob.ar\/home\/2025\/06\/10\/100-anos-de-la-biblioteca-popular\/\"><span class=\"screen-reader-text\">Leer m\u00e1s sobre 100 A\u00d1OS DE LA BIBLIOTECA POPULAR<\/span>[&#8230;]<\/a><\/p>\n","protected":false},"author":1,"featured_media":4857,"comment_status":"open","ping_status":"open","sticky":false,"template":"","format":"standard","meta":{"footnotes":""},"categories":[1],"tags":[],"class_list":["post-4856","post","type-post","status-publish","format-standard","has-post-thumbnail","hentry","category-noticias"],"_links":{"self":[{"href":"https:\/\/www.santaana.gob.ar\/home\/wp-json\/wp\/v2\/posts\/4856","targetHints":{"allow":["GET"]}}],"collection":[{"href":"https:\/\/www.santaana.gob.ar\/home\/wp-json\/wp\/v2\/posts"}],"about":[{"href":"https:\/\/www.santaana.gob.ar\/home\/wp-json\/wp\/v2\/types\/post"}],"author":[{"embeddable":true,"href":"https:\/\/www.santaana.gob.ar\/home\/wp-json\/wp\/v2\/users\/1"}],"replies":[{"embeddable":true,"href":"https:\/\/www.santaana.gob.ar\/home\/wp-json\/wp\/v2\/comments?post=4856"}],"version-history":[{"count":1,"href":"https:\/\/www.santaana.gob.ar\/home\/wp-json\/wp\/v2\/posts\/4856\/revisions"}],"predecessor-version":[{"id":4858,"href":"https:\/\/www.santaana.gob.ar\/home\/wp-json\/wp\/v2\/posts\/4856\/revisions\/4858"}],"wp:featuredmedia":[{"embeddable":true,"href":"https:\/\/www.santaana.gob.ar\/home\/wp-json\/wp\/v2\/media\/4857"}],"wp:attachment":[{"href":"https:\/\/www.santaana.gob.ar\/home\/wp-json\/wp\/v2\/media?parent=4856"}],"wp:term":[{"taxonomy":"category","embeddable":true,"href":"https:\/\/www.santaana.gob.ar\/home\/wp-json\/wp\/v2\/categories?post=4856"},{"taxonomy":"post_tag","embeddable":true,"href":"https:\/\/www.santaana.gob.ar\/home\/wp-json\/wp\/v2\/tags?post=4856"}],"curies":[{"name":"wp","href":"https:\/\/api.w.org\/{rel}","templated":true}]}}