{"id":4849,"date":"2025-06-03T12:15:46","date_gmt":"2025-06-03T12:15:46","guid":{"rendered":"https:\/\/www.santaana.gob.ar\/home\/?p=4849"},"modified":"2025-06-03T12:15:46","modified_gmt":"2025-06-03T12:15:46","slug":"tareas-de-reposicion-de-ripio","status":"publish","type":"post","link":"https:\/\/www.santaana.gob.ar\/home\/2025\/06\/03\/tareas-de-reposicion-de-ripio\/","title":{"rendered":"TAREAS DE REPOSICI\u00d3N DE RIPIO"},"content":{"rendered":"<p>LOS CAMINOS DE LA PRODUCCI\u00d3N SON NUESTRA PRIORIDAD<br \/>\n\ud83d\ude4c Despu\u00e9s de m\u00e1s de 150 mm. de lluvia y de varios d\u00edas de trabajo intenso, personal de la Municipalidad de Santa Ana termin\u00f3 de repasar los 162 km. de ripio de nuestro ejido municipal.<br \/>\n\ud83d\udcaa Tambi\u00e9n realizaron tareas de reposici\u00f3n de ripio en los sectores m\u00e1s cr\u00edticos.<\/p>\n","protected":false},"excerpt":{"rendered":"<p>LOS CAMINOS DE LA PRODUCCI\u00d3N SON NUESTRA PRIORIDAD \ud83d\ude4c Despu\u00e9s de m\u00e1s de 150 mm. de lluvia y de varios d\u00edas de trabajo intenso, personal de la Municipalidad de Santa Ana termin\u00f3 de repasar los 162 km. de ripio de nuestro ejido municipal. \ud83d\udcaa Tambi\u00e9n realizaron tareas de reposici\u00f3n de ripio en los sectores m\u00e1s<a class=\"moretag\" href=\"https:\/\/www.santaana.gob.ar\/home\/2025\/06\/03\/tareas-de-reposicion-de-ripio\/\"><span class=\"screen-reader-text\">Leer m\u00e1s sobre TAREAS DE REPOSICI\u00d3N DE RIPIO<\/span>[&#8230;]<\/a><\/p>\n","protected":false},"author":1,"featured_media":4850,"comment_status":"open","ping_status":"open","sticky":false,"template":"","format":"standard","meta":{"footnotes":""},"categories":[1],"tags":[],"class_list":["post-4849","post","type-post","status-publish","format-standard","has-post-thumbnail","hentry","category-noticias"],"_links":{"self":[{"href":"https:\/\/www.santaana.gob.ar\/home\/wp-json\/wp\/v2\/posts\/4849","targetHints":{"allow":["GET"]}}],"collection":[{"href":"https:\/\/www.santaana.gob.ar\/home\/wp-json\/wp\/v2\/posts"}],"about":[{"href":"https:\/\/www.santaana.gob.ar\/home\/wp-json\/wp\/v2\/types\/post"}],"author":[{"embeddable":true,"href":"https:\/\/www.santaana.gob.ar\/home\/wp-json\/wp\/v2\/users\/1"}],"replies":[{"embeddable":true,"href":"https:\/\/www.santaana.gob.ar\/home\/wp-json\/wp\/v2\/comments?post=4849"}],"version-history":[{"count":1,"href":"https:\/\/www.santaana.gob.ar\/home\/wp-json\/wp\/v2\/posts\/4849\/revisions"}],"predecessor-version":[{"id":4851,"href":"https:\/\/www.santaana.gob.ar\/home\/wp-json\/wp\/v2\/posts\/4849\/revisions\/4851"}],"wp:featuredmedia":[{"embeddable":true,"href":"https:\/\/www.santaana.gob.ar\/home\/wp-json\/wp\/v2\/media\/4850"}],"wp:attachment":[{"href":"https:\/\/www.santaana.gob.ar\/home\/wp-json\/wp\/v2\/media?parent=4849"}],"wp:term":[{"taxonomy":"category","embeddable":true,"href":"https:\/\/www.santaana.gob.ar\/home\/wp-json\/wp\/v2\/categories?post=4849"},{"taxonomy":"post_tag","embeddable":true,"href":"https:\/\/www.santaana.gob.ar\/home\/wp-json\/wp\/v2\/tags?post=4849"}],"curies":[{"name":"wp","href":"https:\/\/api.w.org\/{rel}","templated":true}]}}