{"id":4846,"date":"2025-06-03T12:14:05","date_gmt":"2025-06-03T12:14:05","guid":{"rendered":"https:\/\/www.santaana.gob.ar\/home\/?p=4846"},"modified":"2025-06-03T12:14:05","modified_gmt":"2025-06-03T12:14:05","slug":"vacunacion-antirrabica-5","status":"publish","type":"post","link":"https:\/\/www.santaana.gob.ar\/home\/2025\/06\/03\/vacunacion-antirrabica-5\/","title":{"rendered":"VACUNACI\u00d3N ANTIRR\u00c1BICA"},"content":{"rendered":"<p>El s\u00e1bado se llev\u00f3 a cabo una jornada de vacunaci\u00f3n antirr\u00e1bica en las instalaciones del NIDO de nuestra ciudad. La misma se volver\u00e1 a realizar este s\u00e1bado 7 de junio.<br \/>\n\ud83d\udc47 Agend\u00e1 los horarios:<br \/>\n\u25aa\ufe0f De 14 a 15.30 para felinos<br \/>\n\u25aa\ufe0f De 15.30 a 17 para caninos. En lo posible traer a los perros con correa.<br \/>\n\u2139\ufe0f Por inscripciones dirigirse a la oficinas de Acci\u00f3n Social del NIDO, de lunes a viernes de 7 a 13 horas.<\/p>\n","protected":false},"excerpt":{"rendered":"<p>El s\u00e1bado se llev\u00f3 a cabo una jornada de vacunaci\u00f3n antirr\u00e1bica en las instalaciones del NIDO de nuestra ciudad. La misma se volver\u00e1 a realizar este s\u00e1bado 7 de junio. \ud83d\udc47 Agend\u00e1 los horarios: \u25aa\ufe0f De 14 a 15.30 para felinos \u25aa\ufe0f De 15.30 a 17 para caninos. En lo posible traer a los perros<a class=\"moretag\" href=\"https:\/\/www.santaana.gob.ar\/home\/2025\/06\/03\/vacunacion-antirrabica-5\/\"><span class=\"screen-reader-text\">Leer m\u00e1s sobre VACUNACI\u00d3N ANTIRR\u00c1BICA<\/span>[&#8230;]<\/a><\/p>\n","protected":false},"author":1,"featured_media":4847,"comment_status":"open","ping_status":"open","sticky":false,"template":"","format":"standard","meta":{"footnotes":""},"categories":[1],"tags":[],"class_list":["post-4846","post","type-post","status-publish","format-standard","has-post-thumbnail","hentry","category-noticias"],"_links":{"self":[{"href":"https:\/\/www.santaana.gob.ar\/home\/wp-json\/wp\/v2\/posts\/4846","targetHints":{"allow":["GET"]}}],"collection":[{"href":"https:\/\/www.santaana.gob.ar\/home\/wp-json\/wp\/v2\/posts"}],"about":[{"href":"https:\/\/www.santaana.gob.ar\/home\/wp-json\/wp\/v2\/types\/post"}],"author":[{"embeddable":true,"href":"https:\/\/www.santaana.gob.ar\/home\/wp-json\/wp\/v2\/users\/1"}],"replies":[{"embeddable":true,"href":"https:\/\/www.santaana.gob.ar\/home\/wp-json\/wp\/v2\/comments?post=4846"}],"version-history":[{"count":1,"href":"https:\/\/www.santaana.gob.ar\/home\/wp-json\/wp\/v2\/posts\/4846\/revisions"}],"predecessor-version":[{"id":4848,"href":"https:\/\/www.santaana.gob.ar\/home\/wp-json\/wp\/v2\/posts\/4846\/revisions\/4848"}],"wp:featuredmedia":[{"embeddable":true,"href":"https:\/\/www.santaana.gob.ar\/home\/wp-json\/wp\/v2\/media\/4847"}],"wp:attachment":[{"href":"https:\/\/www.santaana.gob.ar\/home\/wp-json\/wp\/v2\/media?parent=4846"}],"wp:term":[{"taxonomy":"category","embeddable":true,"href":"https:\/\/www.santaana.gob.ar\/home\/wp-json\/wp\/v2\/categories?post=4846"},{"taxonomy":"post_tag","embeddable":true,"href":"https:\/\/www.santaana.gob.ar\/home\/wp-json\/wp\/v2\/tags?post=4846"}],"curies":[{"name":"wp","href":"https:\/\/api.w.org\/{rel}","templated":true}]}}