{"id":4842,"date":"2025-06-02T14:59:58","date_gmt":"2025-06-02T14:59:58","guid":{"rendered":"https:\/\/www.santaana.gob.ar\/home\/?p=4842"},"modified":"2025-06-02T14:59:58","modified_gmt":"2025-06-02T14:59:58","slug":"taller-danzas-folcloricas-y-percusion","status":"publish","type":"post","link":"https:\/\/www.santaana.gob.ar\/home\/2025\/06\/02\/taller-danzas-folcloricas-y-percusion\/","title":{"rendered":"TALLER DANZAS FOLCL\u00d3RICAS Y PERCUSI\u00d3N"},"content":{"rendered":"<p>TALLER DE DANZAS FOLCL\u00d3RICAS Y PERCUSI\u00d3N (BOMBOS LEGUEROS)<br \/>\n\u25aa La Direcci\u00f3n de Cultura y Turismo de la Municipalidad de Santa Ana te invita a participar del Taller que est\u00e1 cargo de Ver\u00f3nica Silvestri.<br \/>\n\u25aa El mismo se dictar\u00e1 los d\u00edas lunes, iniciando hoy y est\u00e1 dirigido a ni\u00f1os, ni\u00f1as y adolescentes entre los 6 y 13 a\u00f1os de edad.<br \/>\n\u25aa Agend\u00e1:<br \/>\n\ud83d\udcc6 Lunes<br \/>\n\ud83d\udd53 16.30 a 19 horas<br \/>\n\ud83d\udccd Centro Cultural Municipal<br \/>\n\u2139\ufe0f  Pod\u00e9s inscribirte en la muni, de lunes a viernes de 7 a 13 horas, o bien podes comunicarte al 3456 65-9888.<\/p>\n","protected":false},"excerpt":{"rendered":"<p>TALLER DE DANZAS FOLCL\u00d3RICAS Y PERCUSI\u00d3N (BOMBOS LEGUEROS) \u25aa La Direcci\u00f3n de Cultura y Turismo de la Municipalidad de Santa Ana te invita a participar del Taller que est\u00e1 cargo de Ver\u00f3nica Silvestri. \u25aa El mismo se dictar\u00e1 los d\u00edas lunes, iniciando hoy y est\u00e1 dirigido a ni\u00f1os, ni\u00f1as y adolescentes entre los 6 y<a class=\"moretag\" href=\"https:\/\/www.santaana.gob.ar\/home\/2025\/06\/02\/taller-danzas-folcloricas-y-percusion\/\"><span class=\"screen-reader-text\">Leer m\u00e1s sobre TALLER DANZAS FOLCL\u00d3RICAS Y PERCUSI\u00d3N<\/span>[&#8230;]<\/a><\/p>\n","protected":false},"author":1,"featured_media":4844,"comment_status":"open","ping_status":"open","sticky":false,"template":"","format":"standard","meta":{"footnotes":""},"categories":[1],"tags":[],"class_list":["post-4842","post","type-post","status-publish","format-standard","has-post-thumbnail","hentry","category-noticias"],"_links":{"self":[{"href":"https:\/\/www.santaana.gob.ar\/home\/wp-json\/wp\/v2\/posts\/4842","targetHints":{"allow":["GET"]}}],"collection":[{"href":"https:\/\/www.santaana.gob.ar\/home\/wp-json\/wp\/v2\/posts"}],"about":[{"href":"https:\/\/www.santaana.gob.ar\/home\/wp-json\/wp\/v2\/types\/post"}],"author":[{"embeddable":true,"href":"https:\/\/www.santaana.gob.ar\/home\/wp-json\/wp\/v2\/users\/1"}],"replies":[{"embeddable":true,"href":"https:\/\/www.santaana.gob.ar\/home\/wp-json\/wp\/v2\/comments?post=4842"}],"version-history":[{"count":2,"href":"https:\/\/www.santaana.gob.ar\/home\/wp-json\/wp\/v2\/posts\/4842\/revisions"}],"predecessor-version":[{"id":4845,"href":"https:\/\/www.santaana.gob.ar\/home\/wp-json\/wp\/v2\/posts\/4842\/revisions\/4845"}],"wp:featuredmedia":[{"embeddable":true,"href":"https:\/\/www.santaana.gob.ar\/home\/wp-json\/wp\/v2\/media\/4844"}],"wp:attachment":[{"href":"https:\/\/www.santaana.gob.ar\/home\/wp-json\/wp\/v2\/media?parent=4842"}],"wp:term":[{"taxonomy":"category","embeddable":true,"href":"https:\/\/www.santaana.gob.ar\/home\/wp-json\/wp\/v2\/categories?post=4842"},{"taxonomy":"post_tag","embeddable":true,"href":"https:\/\/www.santaana.gob.ar\/home\/wp-json\/wp\/v2\/tags?post=4842"}],"curies":[{"name":"wp","href":"https:\/\/api.w.org\/{rel}","templated":true}]}}