{"id":4838,"date":"2025-05-31T18:31:19","date_gmt":"2025-05-31T18:31:19","guid":{"rendered":"https:\/\/www.santaana.gob.ar\/home\/?p=4838"},"modified":"2025-05-31T18:31:19","modified_gmt":"2025-05-31T18:31:19","slug":"fortalecimiento-turistico","status":"publish","type":"post","link":"https:\/\/www.santaana.gob.ar\/home\/2025\/05\/31\/fortalecimiento-turistico\/","title":{"rendered":"FORTALECIMIENTO TUR\u00cdSTICO"},"content":{"rendered":"<p>FORTALECIMIENTO TUR\u00cdSTICO PARA LA REGI\u00d3N DE SALTO GRANDE<br \/>\nHoy el Director de Cultura y Turismo de la Municipalidad de Santa Ana Luis Vago estuvo en Federaci\u00f3n participando de un encuentro con referentes tur\u00edsticos de las localidades que forman parte de la regi\u00f3n.<br \/>\nAll\u00ed dialogaron y plantearon diferentes objetivos con el fin de trabajar y articular acciones conjuntas para la promoci\u00f3n de recursos y atractivos en distintos eventos y ferias nacionales.<br \/>\n\ud83d\udcac \u00abLa intenci\u00f3n es fortalecer la regi\u00f3n y la actividad tur\u00edstica para promocinarnos en todo el pais\u00bb se\u00f1al\u00f3 Luis Vago.<br \/>\nEn la reuni\u00f3n estuvieron presentes los municipios de Federaci\u00f3n, Concordia, Chajar\u00ed, Villa del Rosario, Santa Ana y Puerto Yeru\u00e1.<\/p>\n","protected":false},"excerpt":{"rendered":"<p>FORTALECIMIENTO TUR\u00cdSTICO PARA LA REGI\u00d3N DE SALTO GRANDE Hoy el Director de Cultura y Turismo de la Municipalidad de Santa Ana Luis Vago estuvo en Federaci\u00f3n participando de un encuentro con referentes tur\u00edsticos de las localidades que forman parte de la regi\u00f3n. All\u00ed dialogaron y plantearon diferentes objetivos con el fin de trabajar y articular<a class=\"moretag\" href=\"https:\/\/www.santaana.gob.ar\/home\/2025\/05\/31\/fortalecimiento-turistico\/\"><span class=\"screen-reader-text\">Leer m\u00e1s sobre FORTALECIMIENTO TUR\u00cdSTICO<\/span>[&#8230;]<\/a><\/p>\n","protected":false},"author":1,"featured_media":4839,"comment_status":"open","ping_status":"open","sticky":false,"template":"","format":"standard","meta":{"footnotes":""},"categories":[1],"tags":[],"class_list":["post-4838","post","type-post","status-publish","format-standard","has-post-thumbnail","hentry","category-noticias"],"_links":{"self":[{"href":"https:\/\/www.santaana.gob.ar\/home\/wp-json\/wp\/v2\/posts\/4838","targetHints":{"allow":["GET"]}}],"collection":[{"href":"https:\/\/www.santaana.gob.ar\/home\/wp-json\/wp\/v2\/posts"}],"about":[{"href":"https:\/\/www.santaana.gob.ar\/home\/wp-json\/wp\/v2\/types\/post"}],"author":[{"embeddable":true,"href":"https:\/\/www.santaana.gob.ar\/home\/wp-json\/wp\/v2\/users\/1"}],"replies":[{"embeddable":true,"href":"https:\/\/www.santaana.gob.ar\/home\/wp-json\/wp\/v2\/comments?post=4838"}],"version-history":[{"count":1,"href":"https:\/\/www.santaana.gob.ar\/home\/wp-json\/wp\/v2\/posts\/4838\/revisions"}],"predecessor-version":[{"id":4840,"href":"https:\/\/www.santaana.gob.ar\/home\/wp-json\/wp\/v2\/posts\/4838\/revisions\/4840"}],"wp:featuredmedia":[{"embeddable":true,"href":"https:\/\/www.santaana.gob.ar\/home\/wp-json\/wp\/v2\/media\/4839"}],"wp:attachment":[{"href":"https:\/\/www.santaana.gob.ar\/home\/wp-json\/wp\/v2\/media?parent=4838"}],"wp:term":[{"taxonomy":"category","embeddable":true,"href":"https:\/\/www.santaana.gob.ar\/home\/wp-json\/wp\/v2\/categories?post=4838"},{"taxonomy":"post_tag","embeddable":true,"href":"https:\/\/www.santaana.gob.ar\/home\/wp-json\/wp\/v2\/tags?post=4838"}],"curies":[{"name":"wp","href":"https:\/\/api.w.org\/{rel}","templated":true}]}}