{"id":4443,"date":"2024-11-07T13:57:34","date_gmt":"2024-11-07T13:57:34","guid":{"rendered":"https:\/\/www.santaana.gob.ar\/home\/?p=4443"},"modified":"2024-11-07T13:57:34","modified_gmt":"2024-11-07T13:57:34","slug":"importante-recoleccion-de-residuos","status":"publish","type":"post","link":"https:\/\/www.santaana.gob.ar\/home\/2024\/11\/07\/importante-recoleccion-de-residuos\/","title":{"rendered":"IMPORTANTE: RECOLECCI\u00d3N DE RESIDUOS"},"content":{"rendered":"<p>EL VIERNES HABR\u00c1 RECOLECCI\u00d3N DE RESIDUOS<br \/>\n\u2139\ufe0f La Direcci\u00f3n de Obras y Servicios P\u00fablicos de la Municipalidad de Santa Ana,  comunica que el pr\u00f3ximo viernes, 8 de noviembre, la recolecci\u00f3n de residuos domiciliarios se llevar\u00e1 a cabo de manera normal y en sus horarios habituales.<\/p>\n","protected":false},"excerpt":{"rendered":"<p>EL VIERNES HABR\u00c1 RECOLECCI\u00d3N DE RESIDUOS \u2139\ufe0f La Direcci\u00f3n de Obras y Servicios P\u00fablicos de la Municipalidad de Santa Ana, comunica que el pr\u00f3ximo viernes, 8 de noviembre, la recolecci\u00f3n de residuos domiciliarios se llevar\u00e1 a cabo de manera normal y en sus horarios habituales.<\/p>\n","protected":false},"author":1,"featured_media":2795,"comment_status":"open","ping_status":"open","sticky":false,"template":"","format":"standard","meta":{"footnotes":""},"categories":[1],"tags":[],"class_list":["post-4443","post","type-post","status-publish","format-standard","has-post-thumbnail","hentry","category-noticias"],"_links":{"self":[{"href":"https:\/\/www.santaana.gob.ar\/home\/wp-json\/wp\/v2\/posts\/4443","targetHints":{"allow":["GET"]}}],"collection":[{"href":"https:\/\/www.santaana.gob.ar\/home\/wp-json\/wp\/v2\/posts"}],"about":[{"href":"https:\/\/www.santaana.gob.ar\/home\/wp-json\/wp\/v2\/types\/post"}],"author":[{"embeddable":true,"href":"https:\/\/www.santaana.gob.ar\/home\/wp-json\/wp\/v2\/users\/1"}],"replies":[{"embeddable":true,"href":"https:\/\/www.santaana.gob.ar\/home\/wp-json\/wp\/v2\/comments?post=4443"}],"version-history":[{"count":1,"href":"https:\/\/www.santaana.gob.ar\/home\/wp-json\/wp\/v2\/posts\/4443\/revisions"}],"predecessor-version":[{"id":4444,"href":"https:\/\/www.santaana.gob.ar\/home\/wp-json\/wp\/v2\/posts\/4443\/revisions\/4444"}],"wp:featuredmedia":[{"embeddable":true,"href":"https:\/\/www.santaana.gob.ar\/home\/wp-json\/wp\/v2\/media\/2795"}],"wp:attachment":[{"href":"https:\/\/www.santaana.gob.ar\/home\/wp-json\/wp\/v2\/media?parent=4443"}],"wp:term":[{"taxonomy":"category","embeddable":true,"href":"https:\/\/www.santaana.gob.ar\/home\/wp-json\/wp\/v2\/categories?post=4443"},{"taxonomy":"post_tag","embeddable":true,"href":"https:\/\/www.santaana.gob.ar\/home\/wp-json\/wp\/v2\/tags?post=4443"}],"curies":[{"name":"wp","href":"https:\/\/api.w.org\/{rel}","templated":true}]}}