{"id":4438,"date":"2024-11-06T21:16:06","date_gmt":"2024-11-06T21:16:06","guid":{"rendered":"https:\/\/www.santaana.gob.ar\/home\/?p=4438"},"modified":"2024-11-06T21:16:06","modified_gmt":"2024-11-06T21:16:06","slug":"seguimos-avanzando-en-materia-de-seguridad","status":"publish","type":"post","link":"https:\/\/www.santaana.gob.ar\/home\/2024\/11\/06\/seguimos-avanzando-en-materia-de-seguridad\/","title":{"rendered":"SEGUIMOS AVANZANDO EN MATERIA DE SEGURIDAD"},"content":{"rendered":"<p>Ayer, en la ciudad de Paran\u00e1, el Intendente Rogelio Zanandrea firm\u00f3 un convenio con el Ministro de Seguridad y Justicia de Entre R\u00edos, Dr. N\u00e9stor Roncaglia, a partir del cual la provincia se compromete a destinar un aporte para ser invertido en equipamientos de seguridad y videovigilancia para nuestra ciudad. El mismo se enmarca en el Fondo Provincial de Seguridad (FOPROSE).<br \/>\n\u25aa\ufe0f Nuestro municipio cuenta en la actualidad con treinta y dos c\u00e1maras de seguridad distribuidas en trece puntos estrat\u00e9gicos de la zona rural,  urbana y sectores tur\u00edsticos.<br \/>\n\ud83d\ude4c \u00a1Tener un pueblo seguro nos permite trabajar tranquilos en la zona de producci\u00f3n, fomentar el turismo y brindar mejor calidad de vida a nuestros vecinos!<\/p>\n","protected":false},"excerpt":{"rendered":"<p>Ayer, en la ciudad de Paran\u00e1, el Intendente Rogelio Zanandrea firm\u00f3 un convenio con el Ministro de Seguridad y Justicia de Entre R\u00edos, Dr. N\u00e9stor Roncaglia, a partir del cual la provincia se compromete a destinar un aporte para ser invertido en equipamientos de seguridad y videovigilancia para nuestra ciudad. El mismo se enmarca en<a class=\"moretag\" href=\"https:\/\/www.santaana.gob.ar\/home\/2024\/11\/06\/seguimos-avanzando-en-materia-de-seguridad\/\"><span class=\"screen-reader-text\">Leer m\u00e1s sobre SEGUIMOS AVANZANDO EN MATERIA DE SEGURIDAD<\/span>[&#8230;]<\/a><\/p>\n","protected":false},"author":1,"featured_media":4439,"comment_status":"open","ping_status":"open","sticky":false,"template":"","format":"standard","meta":{"footnotes":""},"categories":[1],"tags":[],"class_list":["post-4438","post","type-post","status-publish","format-standard","has-post-thumbnail","hentry","category-noticias"],"_links":{"self":[{"href":"https:\/\/www.santaana.gob.ar\/home\/wp-json\/wp\/v2\/posts\/4438","targetHints":{"allow":["GET"]}}],"collection":[{"href":"https:\/\/www.santaana.gob.ar\/home\/wp-json\/wp\/v2\/posts"}],"about":[{"href":"https:\/\/www.santaana.gob.ar\/home\/wp-json\/wp\/v2\/types\/post"}],"author":[{"embeddable":true,"href":"https:\/\/www.santaana.gob.ar\/home\/wp-json\/wp\/v2\/users\/1"}],"replies":[{"embeddable":true,"href":"https:\/\/www.santaana.gob.ar\/home\/wp-json\/wp\/v2\/comments?post=4438"}],"version-history":[{"count":1,"href":"https:\/\/www.santaana.gob.ar\/home\/wp-json\/wp\/v2\/posts\/4438\/revisions"}],"predecessor-version":[{"id":4440,"href":"https:\/\/www.santaana.gob.ar\/home\/wp-json\/wp\/v2\/posts\/4438\/revisions\/4440"}],"wp:featuredmedia":[{"embeddable":true,"href":"https:\/\/www.santaana.gob.ar\/home\/wp-json\/wp\/v2\/media\/4439"}],"wp:attachment":[{"href":"https:\/\/www.santaana.gob.ar\/home\/wp-json\/wp\/v2\/media?parent=4438"}],"wp:term":[{"taxonomy":"category","embeddable":true,"href":"https:\/\/www.santaana.gob.ar\/home\/wp-json\/wp\/v2\/categories?post=4438"},{"taxonomy":"post_tag","embeddable":true,"href":"https:\/\/www.santaana.gob.ar\/home\/wp-json\/wp\/v2\/tags?post=4438"}],"curies":[{"name":"wp","href":"https:\/\/api.w.org\/{rel}","templated":true}]}}