{"id":4426,"date":"2024-11-01T21:34:05","date_gmt":"2024-11-01T21:34:05","guid":{"rendered":"https:\/\/www.santaana.gob.ar\/home\/?p=4426"},"modified":"2024-11-01T21:34:05","modified_gmt":"2024-11-01T21:34:05","slug":"educacion-a-distancia-desde-santa-ana","status":"publish","type":"post","link":"https:\/\/www.santaana.gob.ar\/home\/2024\/11\/01\/educacion-a-distancia-desde-santa-ana\/","title":{"rendered":"EDUCACI\u00d3N A DISTANCIA DESDE SANTA ANA"},"content":{"rendered":"<p>La Municipalidad firm\u00f3 un convenio con el Instituto Argentino del Oficio que permitir\u00e1 que nuestra comunidad pueda acceder a la amplia oferta de educaci\u00f3n a distancia que propone dicho lugar.<br \/>\n\u25aa\ufe0fEl @iaoeducacion tiene m\u00e1s de 15 a\u00f1os de trayectoria con m\u00e1s de 150 cursos de formaci\u00f3n profesional y en oficios. Tambi\u00e9n se podr\u00e1n finalizar los estudios secundarios con un plan acelerado y flexible.<br \/>\n\ud83d\udcaa Algunas de las carreras que se podr\u00e1n estudiar son abogac\u00eda, licenciatura en marketing, contador p\u00fablico, dise\u00f1o y comunicaci\u00f3n, operador tur\u00edstico y much\u00edsimas m\u00e1s.<br \/>\n\u2139\ufe0f Si est\u00e1s interesado acercate al \u00c1rea de Acci\u00f3n Social de la muni, en el NIDO, \u00a1que te contamos todo!<\/p>\n\n\n<figure class=\"wp-block-image size-full is-resized\"><img loading=\"lazy\" decoding=\"async\" width=\"960\" height=\"960\" src=\"http:\/\/www.santaana.gob.ar\/home\/wp-content\/uploads\/2024\/11\/46524247.jpg\" alt=\"\" class=\"wp-image-4427\" style=\"width:611px;height:auto\" srcset=\"https:\/\/www.santaana.gob.ar\/home\/wp-content\/uploads\/2024\/11\/46524247.jpg 960w, https:\/\/www.santaana.gob.ar\/home\/wp-content\/uploads\/2024\/11\/46524247-300x300.jpg 300w, https:\/\/www.santaana.gob.ar\/home\/wp-content\/uploads\/2024\/11\/46524247-150x150.jpg 150w, https:\/\/www.santaana.gob.ar\/home\/wp-content\/uploads\/2024\/11\/46524247-768x768.jpg 768w, https:\/\/www.santaana.gob.ar\/home\/wp-content\/uploads\/2024\/11\/46524247-350x350.jpg 350w\" sizes=\"auto, (max-width: 960px) 100vw, 960px\" \/><\/figure>\n","protected":false},"excerpt":{"rendered":"<p>La Municipalidad firm\u00f3 un convenio con el Instituto Argentino del Oficio que permitir\u00e1 que nuestra comunidad pueda acceder a la amplia oferta de educaci\u00f3n a distancia que propone dicho lugar. \u25aa\ufe0fEl @iaoeducacion tiene m\u00e1s de 15 a\u00f1os de trayectoria con m\u00e1s de 150 cursos de formaci\u00f3n profesional y en oficios. Tambi\u00e9n se podr\u00e1n finalizar los<a class=\"moretag\" href=\"https:\/\/www.santaana.gob.ar\/home\/2024\/11\/01\/educacion-a-distancia-desde-santa-ana\/\"><span class=\"screen-reader-text\">Leer m\u00e1s sobre EDUCACI\u00d3N A DISTANCIA DESDE SANTA ANA<\/span>[&#8230;]<\/a><\/p>\n","protected":false},"author":1,"featured_media":4427,"comment_status":"open","ping_status":"open","sticky":false,"template":"","format":"standard","meta":{"footnotes":""},"categories":[1],"tags":[],"class_list":["post-4426","post","type-post","status-publish","format-standard","has-post-thumbnail","hentry","category-noticias"],"_links":{"self":[{"href":"https:\/\/www.santaana.gob.ar\/home\/wp-json\/wp\/v2\/posts\/4426","targetHints":{"allow":["GET"]}}],"collection":[{"href":"https:\/\/www.santaana.gob.ar\/home\/wp-json\/wp\/v2\/posts"}],"about":[{"href":"https:\/\/www.santaana.gob.ar\/home\/wp-json\/wp\/v2\/types\/post"}],"author":[{"embeddable":true,"href":"https:\/\/www.santaana.gob.ar\/home\/wp-json\/wp\/v2\/users\/1"}],"replies":[{"embeddable":true,"href":"https:\/\/www.santaana.gob.ar\/home\/wp-json\/wp\/v2\/comments?post=4426"}],"version-history":[{"count":1,"href":"https:\/\/www.santaana.gob.ar\/home\/wp-json\/wp\/v2\/posts\/4426\/revisions"}],"predecessor-version":[{"id":4428,"href":"https:\/\/www.santaana.gob.ar\/home\/wp-json\/wp\/v2\/posts\/4426\/revisions\/4428"}],"wp:featuredmedia":[{"embeddable":true,"href":"https:\/\/www.santaana.gob.ar\/home\/wp-json\/wp\/v2\/media\/4427"}],"wp:attachment":[{"href":"https:\/\/www.santaana.gob.ar\/home\/wp-json\/wp\/v2\/media?parent=4426"}],"wp:term":[{"taxonomy":"category","embeddable":true,"href":"https:\/\/www.santaana.gob.ar\/home\/wp-json\/wp\/v2\/categories?post=4426"},{"taxonomy":"post_tag","embeddable":true,"href":"https:\/\/www.santaana.gob.ar\/home\/wp-json\/wp\/v2\/tags?post=4426"}],"curies":[{"name":"wp","href":"https:\/\/api.w.org\/{rel}","templated":true}]}}