{"id":4417,"date":"2024-10-31T20:04:21","date_gmt":"2024-10-31T20:04:21","guid":{"rendered":"https:\/\/www.santaana.gob.ar\/home\/?p=4417"},"modified":"2024-10-31T20:04:21","modified_gmt":"2024-10-31T20:04:21","slug":"torneo-mixto-de-voley","status":"publish","type":"post","link":"https:\/\/www.santaana.gob.ar\/home\/2024\/10\/31\/torneo-mixto-de-voley\/","title":{"rendered":"TORNEO MIXTO DE VOLEY"},"content":{"rendered":"<p>SE VIENE EL TORNEO MIXTO DE VOLEY<br \/>\n\ud83c\udfd0 El mismo se jugar\u00e1 en adhesi\u00f3n a la D\u00e9cima Fiesta Nacional de la Sand\u00eda, en las categor\u00edas Sub 17 y Libres.<br \/>\n\u25aa\ufe0f Las inscripciones se encuentran abiertas y los cupos son limitados, \u00a1apurate!<br \/>\n\u2139\ufe0f Por mayor informaci\u00f3n comunicate con la Direcci\u00f3n de Deportes y Recreaci\u00f3n al 3456 447514.<\/p>\n","protected":false},"excerpt":{"rendered":"<p>SE VIENE EL TORNEO MIXTO DE VOLEY \ud83c\udfd0 El mismo se jugar\u00e1 en adhesi\u00f3n a la D\u00e9cima Fiesta Nacional de la Sand\u00eda, en las categor\u00edas Sub 17 y Libres. \u25aa\ufe0f Las inscripciones se encuentran abiertas y los cupos son limitados, \u00a1apurate! \u2139\ufe0f Por mayor informaci\u00f3n comunicate con la Direcci\u00f3n de Deportes y Recreaci\u00f3n al 3456<a class=\"moretag\" href=\"https:\/\/www.santaana.gob.ar\/home\/2024\/10\/31\/torneo-mixto-de-voley\/\"><span class=\"screen-reader-text\">Leer m\u00e1s sobre TORNEO MIXTO DE VOLEY<\/span>[&#8230;]<\/a><\/p>\n","protected":false},"author":1,"featured_media":4418,"comment_status":"open","ping_status":"open","sticky":false,"template":"","format":"standard","meta":{"footnotes":""},"categories":[1],"tags":[],"class_list":["post-4417","post","type-post","status-publish","format-standard","has-post-thumbnail","hentry","category-noticias"],"_links":{"self":[{"href":"https:\/\/www.santaana.gob.ar\/home\/wp-json\/wp\/v2\/posts\/4417","targetHints":{"allow":["GET"]}}],"collection":[{"href":"https:\/\/www.santaana.gob.ar\/home\/wp-json\/wp\/v2\/posts"}],"about":[{"href":"https:\/\/www.santaana.gob.ar\/home\/wp-json\/wp\/v2\/types\/post"}],"author":[{"embeddable":true,"href":"https:\/\/www.santaana.gob.ar\/home\/wp-json\/wp\/v2\/users\/1"}],"replies":[{"embeddable":true,"href":"https:\/\/www.santaana.gob.ar\/home\/wp-json\/wp\/v2\/comments?post=4417"}],"version-history":[{"count":1,"href":"https:\/\/www.santaana.gob.ar\/home\/wp-json\/wp\/v2\/posts\/4417\/revisions"}],"predecessor-version":[{"id":4419,"href":"https:\/\/www.santaana.gob.ar\/home\/wp-json\/wp\/v2\/posts\/4417\/revisions\/4419"}],"wp:featuredmedia":[{"embeddable":true,"href":"https:\/\/www.santaana.gob.ar\/home\/wp-json\/wp\/v2\/media\/4418"}],"wp:attachment":[{"href":"https:\/\/www.santaana.gob.ar\/home\/wp-json\/wp\/v2\/media?parent=4417"}],"wp:term":[{"taxonomy":"category","embeddable":true,"href":"https:\/\/www.santaana.gob.ar\/home\/wp-json\/wp\/v2\/categories?post=4417"},{"taxonomy":"post_tag","embeddable":true,"href":"https:\/\/www.santaana.gob.ar\/home\/wp-json\/wp\/v2\/tags?post=4417"}],"curies":[{"name":"wp","href":"https:\/\/api.w.org\/{rel}","templated":true}]}}