{"id":4401,"date":"2024-10-25T20:20:27","date_gmt":"2024-10-25T20:20:27","guid":{"rendered":"https:\/\/www.santaana.gob.ar\/home\/?p=4401"},"modified":"2024-10-25T20:20:27","modified_gmt":"2024-10-25T20:20:27","slug":"ceremonial-y-protocolo","status":"publish","type":"post","link":"https:\/\/www.santaana.gob.ar\/home\/2024\/10\/25\/ceremonial-y-protocolo\/","title":{"rendered":"CEREMONIAL Y PROTOCOLO"},"content":{"rendered":"<p> Ayer, en la Casa de la Cultura de la ciudad de Federaci\u00f3n, se llev\u00f3 a cabo una capacitaci\u00f3n sobre Ceremonial y Protocolo a cargo del personal superior del Departamento de Ceremonial y Protocolo dependiente de la Secretar\u00eda General de Prefectura Naval Argentina.<br \/>\n\u25aa\ufe0f La misma estuvo dirigida a docentes, alumnos, directores y secretarios de cultura de la regi\u00f3n.<br \/>\n\ud83d\udc4f En representaci\u00f3n de la Municipalidad de Santa Ana estuvo presente nuestro Director de Cultura y Turismo Luis Vago.<\/p>\n","protected":false},"excerpt":{"rendered":"<p>Ayer, en la Casa de la Cultura de la ciudad de Federaci\u00f3n, se llev\u00f3 a cabo una capacitaci\u00f3n sobre Ceremonial y Protocolo a cargo del personal superior del Departamento de Ceremonial y Protocolo dependiente de la Secretar\u00eda General de Prefectura Naval Argentina. \u25aa\ufe0f La misma estuvo dirigida a docentes, alumnos, directores y secretarios de cultura<a class=\"moretag\" href=\"https:\/\/www.santaana.gob.ar\/home\/2024\/10\/25\/ceremonial-y-protocolo\/\"><span class=\"screen-reader-text\">Leer m\u00e1s sobre CEREMONIAL Y PROTOCOLO<\/span>[&#8230;]<\/a><\/p>\n","protected":false},"author":1,"featured_media":4402,"comment_status":"open","ping_status":"open","sticky":false,"template":"","format":"standard","meta":{"footnotes":""},"categories":[1],"tags":[],"class_list":["post-4401","post","type-post","status-publish","format-standard","has-post-thumbnail","hentry","category-noticias"],"_links":{"self":[{"href":"https:\/\/www.santaana.gob.ar\/home\/wp-json\/wp\/v2\/posts\/4401","targetHints":{"allow":["GET"]}}],"collection":[{"href":"https:\/\/www.santaana.gob.ar\/home\/wp-json\/wp\/v2\/posts"}],"about":[{"href":"https:\/\/www.santaana.gob.ar\/home\/wp-json\/wp\/v2\/types\/post"}],"author":[{"embeddable":true,"href":"https:\/\/www.santaana.gob.ar\/home\/wp-json\/wp\/v2\/users\/1"}],"replies":[{"embeddable":true,"href":"https:\/\/www.santaana.gob.ar\/home\/wp-json\/wp\/v2\/comments?post=4401"}],"version-history":[{"count":1,"href":"https:\/\/www.santaana.gob.ar\/home\/wp-json\/wp\/v2\/posts\/4401\/revisions"}],"predecessor-version":[{"id":4403,"href":"https:\/\/www.santaana.gob.ar\/home\/wp-json\/wp\/v2\/posts\/4401\/revisions\/4403"}],"wp:featuredmedia":[{"embeddable":true,"href":"https:\/\/www.santaana.gob.ar\/home\/wp-json\/wp\/v2\/media\/4402"}],"wp:attachment":[{"href":"https:\/\/www.santaana.gob.ar\/home\/wp-json\/wp\/v2\/media?parent=4401"}],"wp:term":[{"taxonomy":"category","embeddable":true,"href":"https:\/\/www.santaana.gob.ar\/home\/wp-json\/wp\/v2\/categories?post=4401"},{"taxonomy":"post_tag","embeddable":true,"href":"https:\/\/www.santaana.gob.ar\/home\/wp-json\/wp\/v2\/tags?post=4401"}],"curies":[{"name":"wp","href":"https:\/\/api.w.org\/{rel}","templated":true}]}}