{"id":4398,"date":"2024-10-24T11:41:16","date_gmt":"2024-10-24T11:41:16","guid":{"rendered":"https:\/\/www.santaana.gob.ar\/home\/?p=4398"},"modified":"2024-10-24T11:41:16","modified_gmt":"2024-10-24T11:41:16","slug":"prevencion-y-seguridad-en-agenda","status":"publish","type":"post","link":"https:\/\/www.santaana.gob.ar\/home\/2024\/10\/24\/prevencion-y-seguridad-en-agenda\/","title":{"rendered":"PREVENCI\u00d3N Y SEGURIDAD EN AGENDA"},"content":{"rendered":"<p>Este mi\u00e9rcoles 23 de octubre el Intendente Rogelio Zanandrea recibi\u00f3 al jefe de la Prefectura Naval Argentina, Departamento de Federaci\u00f3n, prefecto Mat\u00edas Gonzalez y al encargado del destacamento Mandisov\u00ed, con asiento en nuestra localidad Marcelo Robol.<br \/>\n\u25aa\ufe0f La reuni\u00f3n tuvo como objetivo coordinar tareas conjuntas de prevenci\u00f3n y seguridad entre la Municipalidad y la Prefectura que beneficien a los turistas, vecinos y navegantes de la regi\u00f3n, ante la proximidad de una nueva temporada estival.<br \/>\n\u25aa\ufe0f En el encuentro tambi\u00e9n estuvieron presentes personal de Prefectura y el Director de Turismo de la Municipalidad de Santa Ana Luis Vago.<\/p>\n","protected":false},"excerpt":{"rendered":"<p>Este mi\u00e9rcoles 23 de octubre el Intendente Rogelio Zanandrea recibi\u00f3 al jefe de la Prefectura Naval Argentina, Departamento de Federaci\u00f3n, prefecto Mat\u00edas Gonzalez y al encargado del destacamento Mandisov\u00ed, con asiento en nuestra localidad Marcelo Robol. \u25aa\ufe0f La reuni\u00f3n tuvo como objetivo coordinar tareas conjuntas de prevenci\u00f3n y seguridad entre la Municipalidad y la Prefectura<a class=\"moretag\" href=\"https:\/\/www.santaana.gob.ar\/home\/2024\/10\/24\/prevencion-y-seguridad-en-agenda\/\"><span class=\"screen-reader-text\">Leer m\u00e1s sobre PREVENCI\u00d3N Y SEGURIDAD EN AGENDA<\/span>[&#8230;]<\/a><\/p>\n","protected":false},"author":1,"featured_media":4399,"comment_status":"open","ping_status":"open","sticky":false,"template":"","format":"standard","meta":{"footnotes":""},"categories":[1],"tags":[],"class_list":["post-4398","post","type-post","status-publish","format-standard","has-post-thumbnail","hentry","category-noticias"],"_links":{"self":[{"href":"https:\/\/www.santaana.gob.ar\/home\/wp-json\/wp\/v2\/posts\/4398","targetHints":{"allow":["GET"]}}],"collection":[{"href":"https:\/\/www.santaana.gob.ar\/home\/wp-json\/wp\/v2\/posts"}],"about":[{"href":"https:\/\/www.santaana.gob.ar\/home\/wp-json\/wp\/v2\/types\/post"}],"author":[{"embeddable":true,"href":"https:\/\/www.santaana.gob.ar\/home\/wp-json\/wp\/v2\/users\/1"}],"replies":[{"embeddable":true,"href":"https:\/\/www.santaana.gob.ar\/home\/wp-json\/wp\/v2\/comments?post=4398"}],"version-history":[{"count":1,"href":"https:\/\/www.santaana.gob.ar\/home\/wp-json\/wp\/v2\/posts\/4398\/revisions"}],"predecessor-version":[{"id":4400,"href":"https:\/\/www.santaana.gob.ar\/home\/wp-json\/wp\/v2\/posts\/4398\/revisions\/4400"}],"wp:featuredmedia":[{"embeddable":true,"href":"https:\/\/www.santaana.gob.ar\/home\/wp-json\/wp\/v2\/media\/4399"}],"wp:attachment":[{"href":"https:\/\/www.santaana.gob.ar\/home\/wp-json\/wp\/v2\/media?parent=4398"}],"wp:term":[{"taxonomy":"category","embeddable":true,"href":"https:\/\/www.santaana.gob.ar\/home\/wp-json\/wp\/v2\/categories?post=4398"},{"taxonomy":"post_tag","embeddable":true,"href":"https:\/\/www.santaana.gob.ar\/home\/wp-json\/wp\/v2\/tags?post=4398"}],"curies":[{"name":"wp","href":"https:\/\/api.w.org\/{rel}","templated":true}]}}