{"id":4392,"date":"2024-10-23T13:16:21","date_gmt":"2024-10-23T13:16:21","guid":{"rendered":"https:\/\/www.santaana.gob.ar\/home\/?p=4392"},"modified":"2024-10-23T13:16:21","modified_gmt":"2024-10-23T13:16:21","slug":"convenio-con-instituto-argentino-del-oficio","status":"publish","type":"post","link":"https:\/\/www.santaana.gob.ar\/home\/2024\/10\/23\/convenio-con-instituto-argentino-del-oficio\/","title":{"rendered":"CONVENIO CON INSTITUTO ARGENTINO DEL OFICIO"},"content":{"rendered":"<p>LA MUNICIPALIDAD FIRM\u00d3 UN CONVENIO CON EL INSTITUTO ARGENTINO DEL OFICIO<br \/>\n\u25aa\ufe0f La firma de este convenio permitir\u00e1 que nuestra comunidad pueda acceder a la amplia oferta de educaci\u00f3n a distancia que propone el Instituto.<br \/>\n\u25aa\ufe0fEl @iaoeducacion  tiene m\u00e1s de 15 a\u00f1os de trayectoria con m\u00e1s de 150 cursos de formaci\u00f3n profesional y en oficios. Tambi\u00e9n se podr\u00e1n finalizar los estudios secundarios con un plan acelerado y flexible.<br \/>\n\ud83d\udcaa Algunas de las carreras que se podr\u00e1n estudiar son abogac\u00eda, licenciatura en marketing, contador p\u00fablico, dise\u00f1o y comunicaci\u00f3n, operador tur\u00edstico y much\u00edsimas m\u00e1s.<br \/>\n\u2139\ufe0f Si est\u00e1s interesado acercate al \u00c1rea de Acci\u00f3n Social de la muni, en el NIDO, \u00a1que te contamos todo!<\/p>\n","protected":false},"excerpt":{"rendered":"<p>LA MUNICIPALIDAD FIRM\u00d3 UN CONVENIO CON EL INSTITUTO ARGENTINO DEL OFICIO \u25aa\ufe0f La firma de este convenio permitir\u00e1 que nuestra comunidad pueda acceder a la amplia oferta de educaci\u00f3n a distancia que propone el Instituto. \u25aa\ufe0fEl @iaoeducacion tiene m\u00e1s de 15 a\u00f1os de trayectoria con m\u00e1s de 150 cursos de formaci\u00f3n profesional y en oficios.<a class=\"moretag\" href=\"https:\/\/www.santaana.gob.ar\/home\/2024\/10\/23\/convenio-con-instituto-argentino-del-oficio\/\"><span class=\"screen-reader-text\">Leer m\u00e1s sobre CONVENIO CON INSTITUTO ARGENTINO DEL OFICIO<\/span>[&#8230;]<\/a><\/p>\n","protected":false},"author":1,"featured_media":4393,"comment_status":"open","ping_status":"open","sticky":false,"template":"","format":"standard","meta":{"footnotes":""},"categories":[1],"tags":[],"class_list":["post-4392","post","type-post","status-publish","format-standard","has-post-thumbnail","hentry","category-noticias"],"_links":{"self":[{"href":"https:\/\/www.santaana.gob.ar\/home\/wp-json\/wp\/v2\/posts\/4392","targetHints":{"allow":["GET"]}}],"collection":[{"href":"https:\/\/www.santaana.gob.ar\/home\/wp-json\/wp\/v2\/posts"}],"about":[{"href":"https:\/\/www.santaana.gob.ar\/home\/wp-json\/wp\/v2\/types\/post"}],"author":[{"embeddable":true,"href":"https:\/\/www.santaana.gob.ar\/home\/wp-json\/wp\/v2\/users\/1"}],"replies":[{"embeddable":true,"href":"https:\/\/www.santaana.gob.ar\/home\/wp-json\/wp\/v2\/comments?post=4392"}],"version-history":[{"count":1,"href":"https:\/\/www.santaana.gob.ar\/home\/wp-json\/wp\/v2\/posts\/4392\/revisions"}],"predecessor-version":[{"id":4394,"href":"https:\/\/www.santaana.gob.ar\/home\/wp-json\/wp\/v2\/posts\/4392\/revisions\/4394"}],"wp:featuredmedia":[{"embeddable":true,"href":"https:\/\/www.santaana.gob.ar\/home\/wp-json\/wp\/v2\/media\/4393"}],"wp:attachment":[{"href":"https:\/\/www.santaana.gob.ar\/home\/wp-json\/wp\/v2\/media?parent=4392"}],"wp:term":[{"taxonomy":"category","embeddable":true,"href":"https:\/\/www.santaana.gob.ar\/home\/wp-json\/wp\/v2\/categories?post=4392"},{"taxonomy":"post_tag","embeddable":true,"href":"https:\/\/www.santaana.gob.ar\/home\/wp-json\/wp\/v2\/tags?post=4392"}],"curies":[{"name":"wp","href":"https:\/\/api.w.org\/{rel}","templated":true}]}}