{"id":4389,"date":"2024-10-19T19:18:57","date_gmt":"2024-10-19T19:18:57","guid":{"rendered":"https:\/\/www.santaana.gob.ar\/home\/?p=4389"},"modified":"2024-10-19T19:18:57","modified_gmt":"2024-10-19T19:18:57","slug":"santa-ana-vivio-una-noche-de-gala","status":"publish","type":"post","link":"https:\/\/www.santaana.gob.ar\/home\/2024\/10\/19\/santa-ana-vivio-una-noche-de-gala\/","title":{"rendered":"SANTA ANA VIVI\u00d3 UNA NOCHE DE GALA"},"content":{"rendered":"<p>Este viernes 18 de octubre cerramos la semana de nuestro aniversario con un recital de lujo.<br \/>\nLa Banda de la Polic\u00eda de Entre R\u00edos brind\u00f3 un show extraordinario de casi dos horas, ante la convocatoria de un gran n\u00famero de vecinos que disfrutaron de cada momento.<br \/>\n\u00a1Gracias por acompa\u00f1arnos!<\/p>\n","protected":false},"excerpt":{"rendered":"<p>Este viernes 18 de octubre cerramos la semana de nuestro aniversario con un recital de lujo. La Banda de la Polic\u00eda de Entre R\u00edos brind\u00f3 un show extraordinario de casi dos horas, ante la convocatoria de un gran n\u00famero de vecinos que disfrutaron de cada momento. \u00a1Gracias por acompa\u00f1arnos!<\/p>\n","protected":false},"author":1,"featured_media":4390,"comment_status":"open","ping_status":"open","sticky":false,"template":"","format":"standard","meta":{"footnotes":""},"categories":[1],"tags":[],"class_list":["post-4389","post","type-post","status-publish","format-standard","has-post-thumbnail","hentry","category-noticias"],"_links":{"self":[{"href":"https:\/\/www.santaana.gob.ar\/home\/wp-json\/wp\/v2\/posts\/4389","targetHints":{"allow":["GET"]}}],"collection":[{"href":"https:\/\/www.santaana.gob.ar\/home\/wp-json\/wp\/v2\/posts"}],"about":[{"href":"https:\/\/www.santaana.gob.ar\/home\/wp-json\/wp\/v2\/types\/post"}],"author":[{"embeddable":true,"href":"https:\/\/www.santaana.gob.ar\/home\/wp-json\/wp\/v2\/users\/1"}],"replies":[{"embeddable":true,"href":"https:\/\/www.santaana.gob.ar\/home\/wp-json\/wp\/v2\/comments?post=4389"}],"version-history":[{"count":1,"href":"https:\/\/www.santaana.gob.ar\/home\/wp-json\/wp\/v2\/posts\/4389\/revisions"}],"predecessor-version":[{"id":4391,"href":"https:\/\/www.santaana.gob.ar\/home\/wp-json\/wp\/v2\/posts\/4389\/revisions\/4391"}],"wp:featuredmedia":[{"embeddable":true,"href":"https:\/\/www.santaana.gob.ar\/home\/wp-json\/wp\/v2\/media\/4390"}],"wp:attachment":[{"href":"https:\/\/www.santaana.gob.ar\/home\/wp-json\/wp\/v2\/media?parent=4389"}],"wp:term":[{"taxonomy":"category","embeddable":true,"href":"https:\/\/www.santaana.gob.ar\/home\/wp-json\/wp\/v2\/categories?post=4389"},{"taxonomy":"post_tag","embeddable":true,"href":"https:\/\/www.santaana.gob.ar\/home\/wp-json\/wp\/v2\/tags?post=4389"}],"curies":[{"name":"wp","href":"https:\/\/api.w.org\/{rel}","templated":true}]}}