{"id":4380,"date":"2024-10-18T11:19:06","date_gmt":"2024-10-18T11:19:06","guid":{"rendered":"https:\/\/www.santaana.gob.ar\/home\/?p=4380"},"modified":"2024-10-18T11:19:06","modified_gmt":"2024-10-18T11:19:06","slug":"inauguramos-el-nuevo-edificio-municipal","status":"publish","type":"post","link":"https:\/\/www.santaana.gob.ar\/home\/2024\/10\/18\/inauguramos-el-nuevo-edificio-municipal\/","title":{"rendered":"INAUGURAMOS EL NUEVO EDIFICIO MUNICIPAL"},"content":{"rendered":"<p>El acto se realiz\u00f3 este jueves 17 de octubre, por la ma\u00f1ana, en el marco del 127\u00b0 aniversario de la fundaci\u00f3n de nuestra ciudad.<br \/>\n\u25aa\ufe0f El proyecto original de la obra fue elaborado por el arquitecto Luis Kohmann y la misma se ejecut\u00f3 con recursos municipales dentro del plan de recuperaci\u00f3n de edificios p\u00fablicos de la ciudad.<br \/>\n\u25aa\ufe0f La actividad fue presidida por el Intendente Rogelio Zanandrea quien estuvo acompa\u00f1ado por funcionarios locales, provinciales, intendentes vecinos, legisladores, concejales, personal municipal, fuerzas de seguridad y vecinos. La bendici\u00f3n de las instalaciones estuvo a cargo del sacerdote Marcelo Dalmazzo.<br \/>\n\u25aa\ufe0f Luego de la inauguraci\u00f3n los presentes pudieron realizar un recorrido por el edificio con visitas guiadas.<br \/>\n\ud83d\ude4c \u00a1Fue un gran d\u00eda, gracias a todos los que asistieron!<\/p>\n","protected":false},"excerpt":{"rendered":"<p>El acto se realiz\u00f3 este jueves 17 de octubre, por la ma\u00f1ana, en el marco del 127\u00b0 aniversario de la fundaci\u00f3n de nuestra ciudad. \u25aa\ufe0f El proyecto original de la obra fue elaborado por el arquitecto Luis Kohmann y la misma se ejecut\u00f3 con recursos municipales dentro del plan de recuperaci\u00f3n de edificios p\u00fablicos de<a class=\"moretag\" href=\"https:\/\/www.santaana.gob.ar\/home\/2024\/10\/18\/inauguramos-el-nuevo-edificio-municipal\/\"><span class=\"screen-reader-text\">Leer m\u00e1s sobre INAUGURAMOS EL NUEVO EDIFICIO MUNICIPAL<\/span>[&#8230;]<\/a><\/p>\n","protected":false},"author":1,"featured_media":4381,"comment_status":"open","ping_status":"open","sticky":false,"template":"","format":"standard","meta":{"footnotes":""},"categories":[1],"tags":[],"class_list":["post-4380","post","type-post","status-publish","format-standard","has-post-thumbnail","hentry","category-noticias"],"_links":{"self":[{"href":"https:\/\/www.santaana.gob.ar\/home\/wp-json\/wp\/v2\/posts\/4380","targetHints":{"allow":["GET"]}}],"collection":[{"href":"https:\/\/www.santaana.gob.ar\/home\/wp-json\/wp\/v2\/posts"}],"about":[{"href":"https:\/\/www.santaana.gob.ar\/home\/wp-json\/wp\/v2\/types\/post"}],"author":[{"embeddable":true,"href":"https:\/\/www.santaana.gob.ar\/home\/wp-json\/wp\/v2\/users\/1"}],"replies":[{"embeddable":true,"href":"https:\/\/www.santaana.gob.ar\/home\/wp-json\/wp\/v2\/comments?post=4380"}],"version-history":[{"count":1,"href":"https:\/\/www.santaana.gob.ar\/home\/wp-json\/wp\/v2\/posts\/4380\/revisions"}],"predecessor-version":[{"id":4382,"href":"https:\/\/www.santaana.gob.ar\/home\/wp-json\/wp\/v2\/posts\/4380\/revisions\/4382"}],"wp:featuredmedia":[{"embeddable":true,"href":"https:\/\/www.santaana.gob.ar\/home\/wp-json\/wp\/v2\/media\/4381"}],"wp:attachment":[{"href":"https:\/\/www.santaana.gob.ar\/home\/wp-json\/wp\/v2\/media?parent=4380"}],"wp:term":[{"taxonomy":"category","embeddable":true,"href":"https:\/\/www.santaana.gob.ar\/home\/wp-json\/wp\/v2\/categories?post=4380"},{"taxonomy":"post_tag","embeddable":true,"href":"https:\/\/www.santaana.gob.ar\/home\/wp-json\/wp\/v2\/tags?post=4380"}],"curies":[{"name":"wp","href":"https:\/\/api.w.org\/{rel}","templated":true}]}}