{"id":4377,"date":"2024-10-17T14:46:58","date_gmt":"2024-10-17T14:46:58","guid":{"rendered":"https:\/\/www.santaana.gob.ar\/home\/?p=4377"},"modified":"2024-10-17T14:46:58","modified_gmt":"2024-10-17T14:46:58","slug":"el-museo-fue-protagonista","status":"publish","type":"post","link":"https:\/\/www.santaana.gob.ar\/home\/2024\/10\/17\/el-museo-fue-protagonista\/","title":{"rendered":"EL MUSEO FUE PROTAGONISTA"},"content":{"rendered":"<p>Ayer, durante toda la jornada, nuestro museo estuvo abierto a toda la comunidad.<br \/>\n\u25aa\ufe0f Luego, para cerrar el d\u00eda, en el patio se pudieron ver proyecciones de videos hist\u00f3ricos y la comunidad pudo disfrutar de un gran fog\u00f3n criollo, la actuaci\u00f3n de n\u00fameros folcl\u00f3ricos y la degustaci\u00f3n de empanadas.<br \/>\n\ud83d\ude4c \u00a1Gracias todos los que nos acompa\u00f1aron en esta gran velada donde el museo fue el protagonista!<\/p>\n","protected":false},"excerpt":{"rendered":"<p>Ayer, durante toda la jornada, nuestro museo estuvo abierto a toda la comunidad. \u25aa\ufe0f Luego, para cerrar el d\u00eda, en el patio se pudieron ver proyecciones de videos hist\u00f3ricos y la comunidad pudo disfrutar de un gran fog\u00f3n criollo, la actuaci\u00f3n de n\u00fameros folcl\u00f3ricos y la degustaci\u00f3n de empanadas. \ud83d\ude4c \u00a1Gracias todos los que nos<a class=\"moretag\" href=\"https:\/\/www.santaana.gob.ar\/home\/2024\/10\/17\/el-museo-fue-protagonista\/\"><span class=\"screen-reader-text\">Leer m\u00e1s sobre EL MUSEO FUE PROTAGONISTA<\/span>[&#8230;]<\/a><\/p>\n","protected":false},"author":1,"featured_media":4378,"comment_status":"open","ping_status":"open","sticky":false,"template":"","format":"standard","meta":{"footnotes":""},"categories":[1],"tags":[],"class_list":["post-4377","post","type-post","status-publish","format-standard","has-post-thumbnail","hentry","category-noticias"],"_links":{"self":[{"href":"https:\/\/www.santaana.gob.ar\/home\/wp-json\/wp\/v2\/posts\/4377","targetHints":{"allow":["GET"]}}],"collection":[{"href":"https:\/\/www.santaana.gob.ar\/home\/wp-json\/wp\/v2\/posts"}],"about":[{"href":"https:\/\/www.santaana.gob.ar\/home\/wp-json\/wp\/v2\/types\/post"}],"author":[{"embeddable":true,"href":"https:\/\/www.santaana.gob.ar\/home\/wp-json\/wp\/v2\/users\/1"}],"replies":[{"embeddable":true,"href":"https:\/\/www.santaana.gob.ar\/home\/wp-json\/wp\/v2\/comments?post=4377"}],"version-history":[{"count":1,"href":"https:\/\/www.santaana.gob.ar\/home\/wp-json\/wp\/v2\/posts\/4377\/revisions"}],"predecessor-version":[{"id":4379,"href":"https:\/\/www.santaana.gob.ar\/home\/wp-json\/wp\/v2\/posts\/4377\/revisions\/4379"}],"wp:featuredmedia":[{"embeddable":true,"href":"https:\/\/www.santaana.gob.ar\/home\/wp-json\/wp\/v2\/media\/4378"}],"wp:attachment":[{"href":"https:\/\/www.santaana.gob.ar\/home\/wp-json\/wp\/v2\/media?parent=4377"}],"wp:term":[{"taxonomy":"category","embeddable":true,"href":"https:\/\/www.santaana.gob.ar\/home\/wp-json\/wp\/v2\/categories?post=4377"},{"taxonomy":"post_tag","embeddable":true,"href":"https:\/\/www.santaana.gob.ar\/home\/wp-json\/wp\/v2\/tags?post=4377"}],"curies":[{"name":"wp","href":"https:\/\/api.w.org\/{rel}","templated":true}]}}