{"id":4371,"date":"2024-10-15T13:36:30","date_gmt":"2024-10-15T13:36:30","guid":{"rendered":"https:\/\/www.santaana.gob.ar\/home\/?p=4371"},"modified":"2024-10-15T13:36:30","modified_gmt":"2024-10-15T13:36:30","slug":"obra-de-teatro-aquel-mi-pueblo","status":"publish","type":"post","link":"https:\/\/www.santaana.gob.ar\/home\/2024\/10\/15\/obra-de-teatro-aquel-mi-pueblo\/","title":{"rendered":"OBRA DE TEATRO \u00abAQUEL, MI PUEBLO\u00bb"},"content":{"rendered":"<p>La Municipalidad de Santa Ana los invita a presenciar hoy la obra de teatro \u00abAquel, mi pueblo\u00bb del escritor federaense Agust\u00edn Gibert.<br \/>\n\u25aa\ufe0f La misma, que se lleva a cabo en el marco de las actividades por el  127\u00b0 aniversario de nuestra ciudad, cuenta la historia del traslado y el desarraigo de Federaci\u00f3n como consecuencia de la formaci\u00f3n del embalse del R\u00edo Uruguay, producido por la Represa Salto Grande.<br \/>\n\ud83d\udc47 Agend\u00e1<br \/>\n\ud83d\udd63 20.30 horas<br \/>\n\ud83d\udccd Centro Cultural Municipal<br \/>\n\ud83d\ude4c Entrada libre y gratuita<\/p>\n","protected":false},"excerpt":{"rendered":"<p>La Municipalidad de Santa Ana los invita a presenciar hoy la obra de teatro \u00abAquel, mi pueblo\u00bb del escritor federaense Agust\u00edn Gibert. \u25aa\ufe0f La misma, que se lleva a cabo en el marco de las actividades por el 127\u00b0 aniversario de nuestra ciudad, cuenta la historia del traslado y el desarraigo de Federaci\u00f3n como consecuencia<a class=\"moretag\" href=\"https:\/\/www.santaana.gob.ar\/home\/2024\/10\/15\/obra-de-teatro-aquel-mi-pueblo\/\"><span class=\"screen-reader-text\">Leer m\u00e1s sobre OBRA DE TEATRO \u00abAQUEL, MI PUEBLO\u00bb<\/span>[&#8230;]<\/a><\/p>\n","protected":false},"author":1,"featured_media":4372,"comment_status":"open","ping_status":"open","sticky":false,"template":"","format":"standard","meta":{"footnotes":""},"categories":[1],"tags":[],"class_list":["post-4371","post","type-post","status-publish","format-standard","has-post-thumbnail","hentry","category-noticias"],"_links":{"self":[{"href":"https:\/\/www.santaana.gob.ar\/home\/wp-json\/wp\/v2\/posts\/4371","targetHints":{"allow":["GET"]}}],"collection":[{"href":"https:\/\/www.santaana.gob.ar\/home\/wp-json\/wp\/v2\/posts"}],"about":[{"href":"https:\/\/www.santaana.gob.ar\/home\/wp-json\/wp\/v2\/types\/post"}],"author":[{"embeddable":true,"href":"https:\/\/www.santaana.gob.ar\/home\/wp-json\/wp\/v2\/users\/1"}],"replies":[{"embeddable":true,"href":"https:\/\/www.santaana.gob.ar\/home\/wp-json\/wp\/v2\/comments?post=4371"}],"version-history":[{"count":1,"href":"https:\/\/www.santaana.gob.ar\/home\/wp-json\/wp\/v2\/posts\/4371\/revisions"}],"predecessor-version":[{"id":4373,"href":"https:\/\/www.santaana.gob.ar\/home\/wp-json\/wp\/v2\/posts\/4371\/revisions\/4373"}],"wp:featuredmedia":[{"embeddable":true,"href":"https:\/\/www.santaana.gob.ar\/home\/wp-json\/wp\/v2\/media\/4372"}],"wp:attachment":[{"href":"https:\/\/www.santaana.gob.ar\/home\/wp-json\/wp\/v2\/media?parent=4371"}],"wp:term":[{"taxonomy":"category","embeddable":true,"href":"https:\/\/www.santaana.gob.ar\/home\/wp-json\/wp\/v2\/categories?post=4371"},{"taxonomy":"post_tag","embeddable":true,"href":"https:\/\/www.santaana.gob.ar\/home\/wp-json\/wp\/v2\/tags?post=4371"}],"curies":[{"name":"wp","href":"https:\/\/api.w.org\/{rel}","templated":true}]}}