{"id":4368,"date":"2024-10-15T13:35:22","date_gmt":"2024-10-15T13:35:22","guid":{"rendered":"https:\/\/www.santaana.gob.ar\/home\/?p=4368"},"modified":"2024-10-15T13:35:22","modified_gmt":"2024-10-15T13:35:22","slug":"capacitacion-el-poder-de-hacer-la-diferencia","status":"publish","type":"post","link":"https:\/\/www.santaana.gob.ar\/home\/2024\/10\/15\/capacitacion-el-poder-de-hacer-la-diferencia\/","title":{"rendered":"CAPACITACI\u00d3N \u00abEL PODER DE HACER LA DIFERENCIA\u00bb"},"content":{"rendered":"<p>EL PODER DE HACER LA DIFERENCIA<br \/>\nEste Lunes en el Sal\u00f3n del Concejo Deliberante se llev\u00f3 a cabo el Taller de Capacitaci\u00f3n \u00abEl poder de hacer la diferencia\u00bb destinado al personal administrativo municipal.<br \/>\nEl mismo fue dictado por Natalia Paoli en el marco de la semana del 127\u00b0 Aniversario de nuestra localidad.<\/p>\n","protected":false},"excerpt":{"rendered":"<p>EL PODER DE HACER LA DIFERENCIA Este Lunes en el Sal\u00f3n del Concejo Deliberante se llev\u00f3 a cabo el Taller de Capacitaci\u00f3n \u00abEl poder de hacer la diferencia\u00bb destinado al personal administrativo municipal. El mismo fue dictado por Natalia Paoli en el marco de la semana del 127\u00b0 Aniversario de nuestra localidad.<\/p>\n","protected":false},"author":1,"featured_media":4369,"comment_status":"open","ping_status":"open","sticky":false,"template":"","format":"standard","meta":{"footnotes":""},"categories":[1],"tags":[],"class_list":["post-4368","post","type-post","status-publish","format-standard","has-post-thumbnail","hentry","category-noticias"],"_links":{"self":[{"href":"https:\/\/www.santaana.gob.ar\/home\/wp-json\/wp\/v2\/posts\/4368","targetHints":{"allow":["GET"]}}],"collection":[{"href":"https:\/\/www.santaana.gob.ar\/home\/wp-json\/wp\/v2\/posts"}],"about":[{"href":"https:\/\/www.santaana.gob.ar\/home\/wp-json\/wp\/v2\/types\/post"}],"author":[{"embeddable":true,"href":"https:\/\/www.santaana.gob.ar\/home\/wp-json\/wp\/v2\/users\/1"}],"replies":[{"embeddable":true,"href":"https:\/\/www.santaana.gob.ar\/home\/wp-json\/wp\/v2\/comments?post=4368"}],"version-history":[{"count":1,"href":"https:\/\/www.santaana.gob.ar\/home\/wp-json\/wp\/v2\/posts\/4368\/revisions"}],"predecessor-version":[{"id":4370,"href":"https:\/\/www.santaana.gob.ar\/home\/wp-json\/wp\/v2\/posts\/4368\/revisions\/4370"}],"wp:featuredmedia":[{"embeddable":true,"href":"https:\/\/www.santaana.gob.ar\/home\/wp-json\/wp\/v2\/media\/4369"}],"wp:attachment":[{"href":"https:\/\/www.santaana.gob.ar\/home\/wp-json\/wp\/v2\/media?parent=4368"}],"wp:term":[{"taxonomy":"category","embeddable":true,"href":"https:\/\/www.santaana.gob.ar\/home\/wp-json\/wp\/v2\/categories?post=4368"},{"taxonomy":"post_tag","embeddable":true,"href":"https:\/\/www.santaana.gob.ar\/home\/wp-json\/wp\/v2\/tags?post=4368"}],"curies":[{"name":"wp","href":"https:\/\/api.w.org\/{rel}","templated":true}]}}