{"id":4365,"date":"2024-10-11T16:44:53","date_gmt":"2024-10-11T16:44:53","guid":{"rendered":"https:\/\/www.santaana.gob.ar\/home\/?p=4365"},"modified":"2024-10-11T16:44:53","modified_gmt":"2024-10-11T16:44:53","slug":"actividades-en-el-marco-del-aniversario-127","status":"publish","type":"post","link":"https:\/\/www.santaana.gob.ar\/home\/2024\/10\/11\/actividades-en-el-marco-del-aniversario-127\/","title":{"rendered":"ACTIVIDADES EN EL MARCO DEL ANIVERSARIO 127\u00b0"},"content":{"rendered":"<p>PROGRAMA DE ACTIVIDADES EN EL MARCO DEL ANIVERSARIO 127\u00b0 DE SANTA ANA<br \/>\nA continuaci\u00f3n detallamos el cronograma de actividades y eventos culturales programados para la semana en adhesi\u00f3n al aniversario 127\u00b0 de la fundaci\u00f3n de Santa Ana.<br \/>\n\ud83d\udcc5 S\u00e1bado 12 de octubre: cena show aniversario en el C. S. y D. Santa Ana.<br \/>\n\ud83d\udcc5 Lunes 14 de octubre: taller de capacitaci\u00f3n \u00abEl poder de hacer la diferencia\u00bb, destinado al personal administrativo municipal, 11:45 hs. en sal\u00f3n del Concejo Deliberante.<br \/>\n\ud83d\udcc5 Martes 15 de octubre: obra de teatro \u00abAquel mi Pueblo\u00bb, en el Centro Cultural Municipal a las 20:30 hs.<br \/>\n\ud83d\udcc5 Mi\u00e9rcoles 16 de octubre: D\u00eda del Museo, abierto al p\u00fablico durante toda la jornada. A las 19:30 horas, en el patio, disfrutaremos del museo a cielo abierto con proyecci\u00f3n de videos hist\u00f3ricos y fog\u00f3n criollo, actuaci\u00f3n de n\u00fameros folcl\u00f3ricos y degustaci\u00f3n de empanadas.<br \/>\n\ud83d\udcc5 Jueves 17 de octubre: 11:30 horas inauguraci\u00f3n del nuevo edificio municipal con la presencia de autoridades invitadas, recorrido y visita guiada por sus instalaciones.<br \/>\n\ud83d\udcc5 Viernes 18 de octubre: d\u00eda fundacional de Santa Ana por Dn. Cupertino Ota\u00f1o en el a\u00f1o 1897, feriado local. Actuaci\u00f3n de la banda de la Polic\u00eda de Entre R\u00edos, 19:30 hs, frente al edificio municipal.<\/p>\n","protected":false},"excerpt":{"rendered":"<p>PROGRAMA DE ACTIVIDADES EN EL MARCO DEL ANIVERSARIO 127\u00b0 DE SANTA ANA A continuaci\u00f3n detallamos el cronograma de actividades y eventos culturales programados para la semana en adhesi\u00f3n al aniversario 127\u00b0 de la fundaci\u00f3n de Santa Ana. \ud83d\udcc5 S\u00e1bado 12 de octubre: cena show aniversario en el C. S. y D. Santa Ana. \ud83d\udcc5 Lunes<a class=\"moretag\" href=\"https:\/\/www.santaana.gob.ar\/home\/2024\/10\/11\/actividades-en-el-marco-del-aniversario-127\/\"><span class=\"screen-reader-text\">Leer m\u00e1s sobre ACTIVIDADES EN EL MARCO DEL ANIVERSARIO 127\u00b0<\/span>[&#8230;]<\/a><\/p>\n","protected":false},"author":1,"featured_media":4366,"comment_status":"open","ping_status":"open","sticky":false,"template":"","format":"standard","meta":{"footnotes":""},"categories":[1],"tags":[],"class_list":["post-4365","post","type-post","status-publish","format-standard","has-post-thumbnail","hentry","category-noticias"],"_links":{"self":[{"href":"https:\/\/www.santaana.gob.ar\/home\/wp-json\/wp\/v2\/posts\/4365","targetHints":{"allow":["GET"]}}],"collection":[{"href":"https:\/\/www.santaana.gob.ar\/home\/wp-json\/wp\/v2\/posts"}],"about":[{"href":"https:\/\/www.santaana.gob.ar\/home\/wp-json\/wp\/v2\/types\/post"}],"author":[{"embeddable":true,"href":"https:\/\/www.santaana.gob.ar\/home\/wp-json\/wp\/v2\/users\/1"}],"replies":[{"embeddable":true,"href":"https:\/\/www.santaana.gob.ar\/home\/wp-json\/wp\/v2\/comments?post=4365"}],"version-history":[{"count":1,"href":"https:\/\/www.santaana.gob.ar\/home\/wp-json\/wp\/v2\/posts\/4365\/revisions"}],"predecessor-version":[{"id":4367,"href":"https:\/\/www.santaana.gob.ar\/home\/wp-json\/wp\/v2\/posts\/4365\/revisions\/4367"}],"wp:featuredmedia":[{"embeddable":true,"href":"https:\/\/www.santaana.gob.ar\/home\/wp-json\/wp\/v2\/media\/4366"}],"wp:attachment":[{"href":"https:\/\/www.santaana.gob.ar\/home\/wp-json\/wp\/v2\/media?parent=4365"}],"wp:term":[{"taxonomy":"category","embeddable":true,"href":"https:\/\/www.santaana.gob.ar\/home\/wp-json\/wp\/v2\/categories?post=4365"},{"taxonomy":"post_tag","embeddable":true,"href":"https:\/\/www.santaana.gob.ar\/home\/wp-json\/wp\/v2\/tags?post=4365"}],"curies":[{"name":"wp","href":"https:\/\/api.w.org\/{rel}","templated":true}]}}