{"id":4361,"date":"2024-10-08T19:05:03","date_gmt":"2024-10-08T19:05:03","guid":{"rendered":"https:\/\/www.santaana.gob.ar\/home\/?p=4361"},"modified":"2024-10-08T19:05:03","modified_gmt":"2024-10-08T19:05:03","slug":"maraton-ciudad-de-santa-ana-2","status":"publish","type":"post","link":"https:\/\/www.santaana.gob.ar\/home\/2024\/10\/08\/maraton-ciudad-de-santa-ana-2\/","title":{"rendered":"MARAT\u00d3N CIUDAD DE SANTA ANA"},"content":{"rendered":"<p>AS\u00cd PAS\u00d3 LA MARAT\u00d3N DE SANTA ANA<br \/>\n\ud83c\udfc3 El domingo se corri\u00f3 la 9\u00b0 Edici\u00f3n de la Marat\u00f3n Ciudad de Santa Ana, donde participaron atletas de toda la regi\u00f3n.<br \/>\n\u25aa\ufe0f Queremos agradecer especialmente al equipo de nuestra Municipalidad que estuvo en cada detalle para que esta carrera se lleve a cabo con total \u00e9xito, a la Direcci\u00f3n de Deportes, de Cultura y Turismo, de Acci\u00f3n Social, de Obras P\u00fablicas y a cada integrante de de este gran grupo de trabajo.<br \/>\n\ud83d\ude4c Tambi\u00e9n agradecer a los sponsors Ferreter\u00eda Michellod, Estaci\u00f3n de Servici G\u00e9nesis y Citrus Michellod por su gran apoyo y colaboraci\u00f3n.<br \/>\n\ud83c\udfc6 Si queres conocer los resultados<br \/>\ningres\u00e1 a https:\/\/goo.su\/3GoHA<br \/>\n\ud83d\udcf8 Y para ver m\u00e1s fotograf\u00edas de esta gran jornada podes hacerlo en https:\/\/goo.su\/WMFp0V y en https:\/\/goo.su\/6dtLx<br \/>\n\ud83d\udcaa \u00a1Nuevamente muchas gracias a todos!<\/p>\n","protected":false},"excerpt":{"rendered":"<p>AS\u00cd PAS\u00d3 LA MARAT\u00d3N DE SANTA ANA \ud83c\udfc3 El domingo se corri\u00f3 la 9\u00b0 Edici\u00f3n de la Marat\u00f3n Ciudad de Santa Ana, donde participaron atletas de toda la regi\u00f3n. \u25aa\ufe0f Queremos agradecer especialmente al equipo de nuestra Municipalidad que estuvo en cada detalle para que esta carrera se lleve a cabo con total \u00e9xito, a<a class=\"moretag\" href=\"https:\/\/www.santaana.gob.ar\/home\/2024\/10\/08\/maraton-ciudad-de-santa-ana-2\/\"><span class=\"screen-reader-text\">Leer m\u00e1s sobre MARAT\u00d3N CIUDAD DE SANTA ANA<\/span>[&#8230;]<\/a><\/p>\n","protected":false},"author":1,"featured_media":4362,"comment_status":"open","ping_status":"open","sticky":false,"template":"","format":"standard","meta":{"footnotes":""},"categories":[1],"tags":[],"class_list":["post-4361","post","type-post","status-publish","format-standard","has-post-thumbnail","hentry","category-noticias"],"_links":{"self":[{"href":"https:\/\/www.santaana.gob.ar\/home\/wp-json\/wp\/v2\/posts\/4361","targetHints":{"allow":["GET"]}}],"collection":[{"href":"https:\/\/www.santaana.gob.ar\/home\/wp-json\/wp\/v2\/posts"}],"about":[{"href":"https:\/\/www.santaana.gob.ar\/home\/wp-json\/wp\/v2\/types\/post"}],"author":[{"embeddable":true,"href":"https:\/\/www.santaana.gob.ar\/home\/wp-json\/wp\/v2\/users\/1"}],"replies":[{"embeddable":true,"href":"https:\/\/www.santaana.gob.ar\/home\/wp-json\/wp\/v2\/comments?post=4361"}],"version-history":[{"count":1,"href":"https:\/\/www.santaana.gob.ar\/home\/wp-json\/wp\/v2\/posts\/4361\/revisions"}],"predecessor-version":[{"id":4363,"href":"https:\/\/www.santaana.gob.ar\/home\/wp-json\/wp\/v2\/posts\/4361\/revisions\/4363"}],"wp:featuredmedia":[{"embeddable":true,"href":"https:\/\/www.santaana.gob.ar\/home\/wp-json\/wp\/v2\/media\/4362"}],"wp:attachment":[{"href":"https:\/\/www.santaana.gob.ar\/home\/wp-json\/wp\/v2\/media?parent=4361"}],"wp:term":[{"taxonomy":"category","embeddable":true,"href":"https:\/\/www.santaana.gob.ar\/home\/wp-json\/wp\/v2\/categories?post=4361"},{"taxonomy":"post_tag","embeddable":true,"href":"https:\/\/www.santaana.gob.ar\/home\/wp-json\/wp\/v2\/tags?post=4361"}],"curies":[{"name":"wp","href":"https:\/\/api.w.org\/{rel}","templated":true}]}}