{"id":4355,"date":"2024-10-04T13:23:04","date_gmt":"2024-10-04T13:23:04","guid":{"rendered":"https:\/\/www.santaana.gob.ar\/home\/?p=4355"},"modified":"2024-10-04T13:23:04","modified_gmt":"2024-10-04T13:23:04","slug":"taller-de-cocina-para-ninos","status":"publish","type":"post","link":"https:\/\/www.santaana.gob.ar\/home\/2024\/10\/04\/taller-de-cocina-para-ninos\/","title":{"rendered":"TALLER DE COCINA PARA NI\u00d1OS"},"content":{"rendered":"<p>La Municipalidad de Santa Ana invita a los m\u00e1s peque\u00f1os del hogar a participar del taller de cocina que dar\u00e1 inicio el 15 de octubre.<br \/>\n\u25aa\ufe0f Los mismos est\u00e1n destinados para ni\u00f1os y ni\u00f1as que tengan entre 7 y 12 a\u00f1os de edad y se llevar\u00e1n a cabo en los siguientes d\u00edas y horarios \ud83d\udc47<br \/>\n\ud83d\udcc5 Martes 17 horas para ni\u00f1os de 7 a 9 a\u00f1os.<br \/>\n\ud83d\udcc5 Jueves 17 horas, para ni\u00f1os de 10 a 12 a\u00f1os.<br \/>\n\u2139\ufe0f Informes e inscripciones en la Direcci\u00f3n de Acci\u00f3n Social. NIDO. Cupos limitados.<\/p>\n","protected":false},"excerpt":{"rendered":"<p>La Municipalidad de Santa Ana invita a los m\u00e1s peque\u00f1os del hogar a participar del taller de cocina que dar\u00e1 inicio el 15 de octubre. \u25aa\ufe0f Los mismos est\u00e1n destinados para ni\u00f1os y ni\u00f1as que tengan entre 7 y 12 a\u00f1os de edad y se llevar\u00e1n a cabo en los siguientes d\u00edas y horarios \ud83d\udc47<a class=\"moretag\" href=\"https:\/\/www.santaana.gob.ar\/home\/2024\/10\/04\/taller-de-cocina-para-ninos\/\"><span class=\"screen-reader-text\">Leer m\u00e1s sobre TALLER DE COCINA PARA NI\u00d1OS<\/span>[&#8230;]<\/a><\/p>\n","protected":false},"author":1,"featured_media":4356,"comment_status":"open","ping_status":"open","sticky":false,"template":"","format":"standard","meta":{"footnotes":""},"categories":[1],"tags":[],"class_list":["post-4355","post","type-post","status-publish","format-standard","has-post-thumbnail","hentry","category-noticias"],"_links":{"self":[{"href":"https:\/\/www.santaana.gob.ar\/home\/wp-json\/wp\/v2\/posts\/4355","targetHints":{"allow":["GET"]}}],"collection":[{"href":"https:\/\/www.santaana.gob.ar\/home\/wp-json\/wp\/v2\/posts"}],"about":[{"href":"https:\/\/www.santaana.gob.ar\/home\/wp-json\/wp\/v2\/types\/post"}],"author":[{"embeddable":true,"href":"https:\/\/www.santaana.gob.ar\/home\/wp-json\/wp\/v2\/users\/1"}],"replies":[{"embeddable":true,"href":"https:\/\/www.santaana.gob.ar\/home\/wp-json\/wp\/v2\/comments?post=4355"}],"version-history":[{"count":1,"href":"https:\/\/www.santaana.gob.ar\/home\/wp-json\/wp\/v2\/posts\/4355\/revisions"}],"predecessor-version":[{"id":4357,"href":"https:\/\/www.santaana.gob.ar\/home\/wp-json\/wp\/v2\/posts\/4355\/revisions\/4357"}],"wp:featuredmedia":[{"embeddable":true,"href":"https:\/\/www.santaana.gob.ar\/home\/wp-json\/wp\/v2\/media\/4356"}],"wp:attachment":[{"href":"https:\/\/www.santaana.gob.ar\/home\/wp-json\/wp\/v2\/media?parent=4355"}],"wp:term":[{"taxonomy":"category","embeddable":true,"href":"https:\/\/www.santaana.gob.ar\/home\/wp-json\/wp\/v2\/categories?post=4355"},{"taxonomy":"post_tag","embeddable":true,"href":"https:\/\/www.santaana.gob.ar\/home\/wp-json\/wp\/v2\/tags?post=4355"}],"curies":[{"name":"wp","href":"https:\/\/api.w.org\/{rel}","templated":true}]}}