{"id":4352,"date":"2024-10-02T18:02:49","date_gmt":"2024-10-02T18:02:49","guid":{"rendered":"https:\/\/www.santaana.gob.ar\/home\/?p=4352"},"modified":"2024-10-02T18:02:49","modified_gmt":"2024-10-02T18:02:49","slug":"abuelos-en-accion-2024","status":"publish","type":"post","link":"https:\/\/www.santaana.gob.ar\/home\/2024\/10\/02\/abuelos-en-accion-2024\/","title":{"rendered":"ABUELOS EN ACCI\u00d3N 2024"},"content":{"rendered":"<p>Este mi\u00e9rcoles 02 de octubre, a partir de las 14 horas, se llevar\u00e1 adelante la instancia provincial de los Juegos Entrerrianos \u00abAbuelos en Acci\u00f3n\u00bb 2024 en la disciplina de bochas.<br \/>\n\ud83d\udc47 Aqu\u00ed compartimos el fixture:<br \/>\n\u25aa\ufe0f Zona F (Cancha Santa Ana):<br \/>\nSan Salvador vs. Gualeguaych\u00fa.<br \/>\n\u25aa\ufe0f El ganador del partido competir\u00e1 con Federal (G1).<br \/>\n\u25aa\ufe0f El perdedor lo har\u00e1 contra el perdedor del partido 2 (G2).<\/p>\n","protected":false},"excerpt":{"rendered":"<p>Este mi\u00e9rcoles 02 de octubre, a partir de las 14 horas, se llevar\u00e1 adelante la instancia provincial de los Juegos Entrerrianos \u00abAbuelos en Acci\u00f3n\u00bb 2024 en la disciplina de bochas. \ud83d\udc47 Aqu\u00ed compartimos el fixture: \u25aa\ufe0f Zona F (Cancha Santa Ana): San Salvador vs. Gualeguaych\u00fa. \u25aa\ufe0f El ganador del partido competir\u00e1 con Federal (G1). \u25aa\ufe0f<a class=\"moretag\" href=\"https:\/\/www.santaana.gob.ar\/home\/2024\/10\/02\/abuelos-en-accion-2024\/\"><span class=\"screen-reader-text\">Leer m\u00e1s sobre ABUELOS EN ACCI\u00d3N 2024<\/span>[&#8230;]<\/a><\/p>\n","protected":false},"author":1,"featured_media":4353,"comment_status":"open","ping_status":"open","sticky":false,"template":"","format":"standard","meta":{"footnotes":""},"categories":[1],"tags":[],"class_list":["post-4352","post","type-post","status-publish","format-standard","has-post-thumbnail","hentry","category-noticias"],"_links":{"self":[{"href":"https:\/\/www.santaana.gob.ar\/home\/wp-json\/wp\/v2\/posts\/4352","targetHints":{"allow":["GET"]}}],"collection":[{"href":"https:\/\/www.santaana.gob.ar\/home\/wp-json\/wp\/v2\/posts"}],"about":[{"href":"https:\/\/www.santaana.gob.ar\/home\/wp-json\/wp\/v2\/types\/post"}],"author":[{"embeddable":true,"href":"https:\/\/www.santaana.gob.ar\/home\/wp-json\/wp\/v2\/users\/1"}],"replies":[{"embeddable":true,"href":"https:\/\/www.santaana.gob.ar\/home\/wp-json\/wp\/v2\/comments?post=4352"}],"version-history":[{"count":1,"href":"https:\/\/www.santaana.gob.ar\/home\/wp-json\/wp\/v2\/posts\/4352\/revisions"}],"predecessor-version":[{"id":4354,"href":"https:\/\/www.santaana.gob.ar\/home\/wp-json\/wp\/v2\/posts\/4352\/revisions\/4354"}],"wp:featuredmedia":[{"embeddable":true,"href":"https:\/\/www.santaana.gob.ar\/home\/wp-json\/wp\/v2\/media\/4353"}],"wp:attachment":[{"href":"https:\/\/www.santaana.gob.ar\/home\/wp-json\/wp\/v2\/media?parent=4352"}],"wp:term":[{"taxonomy":"category","embeddable":true,"href":"https:\/\/www.santaana.gob.ar\/home\/wp-json\/wp\/v2\/categories?post=4352"},{"taxonomy":"post_tag","embeddable":true,"href":"https:\/\/www.santaana.gob.ar\/home\/wp-json\/wp\/v2\/tags?post=4352"}],"curies":[{"name":"wp","href":"https:\/\/api.w.org\/{rel}","templated":true}]}}