{"id":4344,"date":"2024-09-26T21:12:45","date_gmt":"2024-09-26T21:12:45","guid":{"rendered":"https:\/\/www.santaana.gob.ar\/home\/?p=4344"},"modified":"2024-09-26T21:14:51","modified_gmt":"2024-09-26T21:14:51","slug":"ente-regulador-de-termas-entre-rios","status":"publish","type":"post","link":"https:\/\/www.santaana.gob.ar\/home\/2024\/09\/26\/ente-regulador-de-termas-entre-rios\/","title":{"rendered":"Ente Regulador De Termas Entre R\u00edos"},"content":{"rendered":"<p>El Intendente Rogelio Zanandrea recibi\u00f3 al Presidente del Ente Regulador De Termas Entre R\u00edos, Prof.  Aldo Monta\u00f1ana,  junto al Vicepresidente Dr. Diego Chareun y el vocal del organismo Sr. Mario Toler con quienes visitaron el pozo termal.<br \/>\n\u25aa\ufe0f All\u00ed asistieron a las tareas t\u00e9cnicas que se realizaron desde el Ente Regulador a cargo del ge\u00f3logo Dr. Daniel M\u00e1rsico y se llevaron a cabo una serie de procedimientos con instrumental propio (caudal\u00edmetro totalizador no invasivo) para medir el caudal del fluido termal (300.000 litros hora).<br \/>\n\u25aa\ufe0f Adem\u00e1s se realiz\u00f3 una estimaci\u00f3n de la temperatura (40\u00b0 C), como as\u00ed tambi\u00e9n la toma de muestras para la realizaci\u00f3n de an\u00e1lisis que determinar\u00e1n la composici\u00f3n f\u00edsico-qu\u00edmica de los recursos termales surgentes.<br \/>\n\u25aa\ufe0f Juntos hicieron una recorrida por el predio del futuro complejo termal donde los especialistas brindaron recomendaciones respecto a t\u00e9cnicas que eviten el desperdicio y la degradaci\u00f3n del agua, el subsuelo y el ambiente en general.<\/p>\n","protected":false},"excerpt":{"rendered":"<p>El Intendente Rogelio Zanandrea recibi\u00f3 al Presidente del Ente Regulador De Termas Entre R\u00edos, Prof. Aldo Monta\u00f1ana, junto al Vicepresidente Dr. Diego Chareun y el vocal del organismo Sr. Mario Toler con quienes visitaron el pozo termal. \u25aa\ufe0f All\u00ed asistieron a las tareas t\u00e9cnicas que se realizaron desde el Ente Regulador a cargo del ge\u00f3logo<a class=\"moretag\" href=\"https:\/\/www.santaana.gob.ar\/home\/2024\/09\/26\/ente-regulador-de-termas-entre-rios\/\"><span class=\"screen-reader-text\">Leer m\u00e1s sobre Ente Regulador De Termas Entre R\u00edos<\/span>[&#8230;]<\/a><\/p>\n","protected":false},"author":1,"featured_media":4347,"comment_status":"open","ping_status":"open","sticky":false,"template":"","format":"standard","meta":{"footnotes":""},"categories":[1],"tags":[],"class_list":["post-4344","post","type-post","status-publish","format-standard","has-post-thumbnail","hentry","category-noticias"],"_links":{"self":[{"href":"https:\/\/www.santaana.gob.ar\/home\/wp-json\/wp\/v2\/posts\/4344","targetHints":{"allow":["GET"]}}],"collection":[{"href":"https:\/\/www.santaana.gob.ar\/home\/wp-json\/wp\/v2\/posts"}],"about":[{"href":"https:\/\/www.santaana.gob.ar\/home\/wp-json\/wp\/v2\/types\/post"}],"author":[{"embeddable":true,"href":"https:\/\/www.santaana.gob.ar\/home\/wp-json\/wp\/v2\/users\/1"}],"replies":[{"embeddable":true,"href":"https:\/\/www.santaana.gob.ar\/home\/wp-json\/wp\/v2\/comments?post=4344"}],"version-history":[{"count":1,"href":"https:\/\/www.santaana.gob.ar\/home\/wp-json\/wp\/v2\/posts\/4344\/revisions"}],"predecessor-version":[{"id":4346,"href":"https:\/\/www.santaana.gob.ar\/home\/wp-json\/wp\/v2\/posts\/4344\/revisions\/4346"}],"wp:featuredmedia":[{"embeddable":true,"href":"https:\/\/www.santaana.gob.ar\/home\/wp-json\/wp\/v2\/media\/4347"}],"wp:attachment":[{"href":"https:\/\/www.santaana.gob.ar\/home\/wp-json\/wp\/v2\/media?parent=4344"}],"wp:term":[{"taxonomy":"category","embeddable":true,"href":"https:\/\/www.santaana.gob.ar\/home\/wp-json\/wp\/v2\/categories?post=4344"},{"taxonomy":"post_tag","embeddable":true,"href":"https:\/\/www.santaana.gob.ar\/home\/wp-json\/wp\/v2\/tags?post=4344"}],"curies":[{"name":"wp","href":"https:\/\/api.w.org\/{rel}","templated":true}]}}