{"id":4341,"date":"2024-09-26T13:35:14","date_gmt":"2024-09-26T13:35:14","guid":{"rendered":"https:\/\/www.santaana.gob.ar\/home\/?p=4341"},"modified":"2024-09-26T13:35:14","modified_gmt":"2024-09-26T13:35:14","slug":"transporte-para-la-9-maraton","status":"publish","type":"post","link":"https:\/\/www.santaana.gob.ar\/home\/2024\/09\/26\/transporte-para-la-9-maraton\/","title":{"rendered":"TRANSPORTE PARA LA 9\u00b0 MARAT\u00d3N"},"content":{"rendered":"<p>9\u00b0 MARAT\u00d3N CIUDAD DE SANTA ANA<br \/>\nLa organizaci\u00f3n de la actividad informa que durante la jornada estar\u00e1 disponible el servicio de transporte con pasajes gratuitos para los atletas inscritos, saliendo de Concordia, Federaci\u00f3n, Chajar\u00ed y Villa del Rosario.<br \/>\nRecordamos que la carera se llevar\u00e1  cabo el domingo 6 de octubre en sus distancias de 5 y 10 KM, adem\u00e1s de las infantiles.<br \/>\nPor mayor informaci\u00f3n podes comunicarte al \ud83e\udd33 3456 44-7514.<\/p>\n","protected":false},"excerpt":{"rendered":"<p>9\u00b0 MARAT\u00d3N CIUDAD DE SANTA ANA La organizaci\u00f3n de la actividad informa que durante la jornada estar\u00e1 disponible el servicio de transporte con pasajes gratuitos para los atletas inscritos, saliendo de Concordia, Federaci\u00f3n, Chajar\u00ed y Villa del Rosario. Recordamos que la carera se llevar\u00e1 cabo el domingo 6 de octubre en sus distancias de 5<a class=\"moretag\" href=\"https:\/\/www.santaana.gob.ar\/home\/2024\/09\/26\/transporte-para-la-9-maraton\/\"><span class=\"screen-reader-text\">Leer m\u00e1s sobre TRANSPORTE PARA LA 9\u00b0 MARAT\u00d3N<\/span>[&#8230;]<\/a><\/p>\n","protected":false},"author":1,"featured_media":4342,"comment_status":"open","ping_status":"open","sticky":false,"template":"","format":"standard","meta":{"footnotes":""},"categories":[1],"tags":[],"class_list":["post-4341","post","type-post","status-publish","format-standard","has-post-thumbnail","hentry","category-noticias"],"_links":{"self":[{"href":"https:\/\/www.santaana.gob.ar\/home\/wp-json\/wp\/v2\/posts\/4341","targetHints":{"allow":["GET"]}}],"collection":[{"href":"https:\/\/www.santaana.gob.ar\/home\/wp-json\/wp\/v2\/posts"}],"about":[{"href":"https:\/\/www.santaana.gob.ar\/home\/wp-json\/wp\/v2\/types\/post"}],"author":[{"embeddable":true,"href":"https:\/\/www.santaana.gob.ar\/home\/wp-json\/wp\/v2\/users\/1"}],"replies":[{"embeddable":true,"href":"https:\/\/www.santaana.gob.ar\/home\/wp-json\/wp\/v2\/comments?post=4341"}],"version-history":[{"count":1,"href":"https:\/\/www.santaana.gob.ar\/home\/wp-json\/wp\/v2\/posts\/4341\/revisions"}],"predecessor-version":[{"id":4343,"href":"https:\/\/www.santaana.gob.ar\/home\/wp-json\/wp\/v2\/posts\/4341\/revisions\/4343"}],"wp:featuredmedia":[{"embeddable":true,"href":"https:\/\/www.santaana.gob.ar\/home\/wp-json\/wp\/v2\/media\/4342"}],"wp:attachment":[{"href":"https:\/\/www.santaana.gob.ar\/home\/wp-json\/wp\/v2\/media?parent=4341"}],"wp:term":[{"taxonomy":"category","embeddable":true,"href":"https:\/\/www.santaana.gob.ar\/home\/wp-json\/wp\/v2\/categories?post=4341"},{"taxonomy":"post_tag","embeddable":true,"href":"https:\/\/www.santaana.gob.ar\/home\/wp-json\/wp\/v2\/tags?post=4341"}],"curies":[{"name":"wp","href":"https:\/\/api.w.org\/{rel}","templated":true}]}}