{"id":4339,"date":"2024-09-25T18:31:26","date_gmt":"2024-09-25T18:31:26","guid":{"rendered":"https:\/\/www.santaana.gob.ar\/home\/?p=4339"},"modified":"2024-09-25T18:31:26","modified_gmt":"2024-09-25T18:31:26","slug":"9-maraton-ciudad-de-santa-ana","status":"publish","type":"post","link":"https:\/\/www.santaana.gob.ar\/home\/2024\/09\/25\/9-maraton-ciudad-de-santa-ana\/","title":{"rendered":"9\u00b0 MARAT\u00d3N \u00abCIUDAD DE SANTA ANA\u00bb"},"content":{"rendered":"<p>SE VIENE LA 9\u00b0 MARAT\u00d3N \u00abCIUDAD DE SANTA ANA\u00bb<br \/>\nLa misma, organizada por el \u00c1rea de Deportes y Recreaci\u00f3n de la Municipalidad, se llevar\u00e1 a cabo el domingo 6 de octubre, en las categor\u00edas mixtas de 5 y 10 KM, adem\u00e1s de distancias infantiles.<br \/>\nLa largada ser\u00e1 a partir de las 9.30 horas.<br \/>\nPor mayor informaci\u00f3n e inscripciones podes ingresar a https:\/\/goo.su\/nZvvTg \u00a1Los primeros 100 inscriptos se llevar\u00e1n una remera!<br \/>\nPremios: trofeos, medalla y dinero en efectivo, no acumulativos. \u00a1Anotate y particip\u00e1!<\/p>\n","protected":false},"excerpt":{"rendered":"<p>SE VIENE LA 9\u00b0 MARAT\u00d3N \u00abCIUDAD DE SANTA ANA\u00bb La misma, organizada por el \u00c1rea de Deportes y Recreaci\u00f3n de la Municipalidad, se llevar\u00e1 a cabo el domingo 6 de octubre, en las categor\u00edas mixtas de 5 y 10 KM, adem\u00e1s de distancias infantiles. La largada ser\u00e1 a partir de las 9.30 horas. Por mayor<a class=\"moretag\" href=\"https:\/\/www.santaana.gob.ar\/home\/2024\/09\/25\/9-maraton-ciudad-de-santa-ana\/\"><span class=\"screen-reader-text\">Leer m\u00e1s sobre 9\u00b0 MARAT\u00d3N \u00abCIUDAD DE SANTA ANA\u00bb<\/span>[&#8230;]<\/a><\/p>\n","protected":false},"author":1,"featured_media":4310,"comment_status":"open","ping_status":"open","sticky":false,"template":"","format":"standard","meta":{"footnotes":""},"categories":[1],"tags":[],"class_list":["post-4339","post","type-post","status-publish","format-standard","has-post-thumbnail","hentry","category-noticias"],"_links":{"self":[{"href":"https:\/\/www.santaana.gob.ar\/home\/wp-json\/wp\/v2\/posts\/4339","targetHints":{"allow":["GET"]}}],"collection":[{"href":"https:\/\/www.santaana.gob.ar\/home\/wp-json\/wp\/v2\/posts"}],"about":[{"href":"https:\/\/www.santaana.gob.ar\/home\/wp-json\/wp\/v2\/types\/post"}],"author":[{"embeddable":true,"href":"https:\/\/www.santaana.gob.ar\/home\/wp-json\/wp\/v2\/users\/1"}],"replies":[{"embeddable":true,"href":"https:\/\/www.santaana.gob.ar\/home\/wp-json\/wp\/v2\/comments?post=4339"}],"version-history":[{"count":1,"href":"https:\/\/www.santaana.gob.ar\/home\/wp-json\/wp\/v2\/posts\/4339\/revisions"}],"predecessor-version":[{"id":4340,"href":"https:\/\/www.santaana.gob.ar\/home\/wp-json\/wp\/v2\/posts\/4339\/revisions\/4340"}],"wp:featuredmedia":[{"embeddable":true,"href":"https:\/\/www.santaana.gob.ar\/home\/wp-json\/wp\/v2\/media\/4310"}],"wp:attachment":[{"href":"https:\/\/www.santaana.gob.ar\/home\/wp-json\/wp\/v2\/media?parent=4339"}],"wp:term":[{"taxonomy":"category","embeddable":true,"href":"https:\/\/www.santaana.gob.ar\/home\/wp-json\/wp\/v2\/categories?post=4339"},{"taxonomy":"post_tag","embeddable":true,"href":"https:\/\/www.santaana.gob.ar\/home\/wp-json\/wp\/v2\/tags?post=4339"}],"curies":[{"name":"wp","href":"https:\/\/api.w.org\/{rel}","templated":true}]}}