{"id":4336,"date":"2024-09-24T11:34:49","date_gmt":"2024-09-24T11:34:49","guid":{"rendered":"https:\/\/www.santaana.gob.ar\/home\/?p=4336"},"modified":"2024-09-24T11:34:49","modified_gmt":"2024-09-24T11:34:49","slug":"santa-ana-turistica-2","status":"publish","type":"post","link":"https:\/\/www.santaana.gob.ar\/home\/2024\/09\/24\/santa-ana-turistica-2\/","title":{"rendered":"SANTA ANA TUR\u00cdSTICA"},"content":{"rendered":"<p>El equipo de comunicaci\u00f3n de de la Secretar\u00eda de Turismo Entre R\u00edos estuvo en Santa Ana para llevar a cabo un relevamiento fotogr\u00e1fico de los atractivos tur\u00edsticos, productos y sitios de inter\u00e9s de nuestra localidad.<br \/>\nEl objetivo del trabajo es incorporar esas im\u00e1genes a la base de datos de la provincia para as\u00ed poder promocionar la regi\u00f3n.<br \/>\nEn la visita recorrieron Playa 52, el camping municipal, el predio termal y la costanera, adem\u00e1s visiraron a productores de sand\u00edas y c\u00edtricos.<br \/>\n\u00a1Nuestra ciudad tiene muchos lugares hermosos que merecen ser conocidos!<\/p>\n","protected":false},"excerpt":{"rendered":"<p>El equipo de comunicaci\u00f3n de de la Secretar\u00eda de Turismo Entre R\u00edos estuvo en Santa Ana para llevar a cabo un relevamiento fotogr\u00e1fico de los atractivos tur\u00edsticos, productos y sitios de inter\u00e9s de nuestra localidad. El objetivo del trabajo es incorporar esas im\u00e1genes a la base de datos de la provincia para as\u00ed poder promocionar<a class=\"moretag\" href=\"https:\/\/www.santaana.gob.ar\/home\/2024\/09\/24\/santa-ana-turistica-2\/\"><span class=\"screen-reader-text\">Leer m\u00e1s sobre SANTA ANA TUR\u00cdSTICA<\/span>[&#8230;]<\/a><\/p>\n","protected":false},"author":1,"featured_media":4337,"comment_status":"open","ping_status":"open","sticky":false,"template":"","format":"standard","meta":{"footnotes":""},"categories":[1],"tags":[],"class_list":["post-4336","post","type-post","status-publish","format-standard","has-post-thumbnail","hentry","category-noticias"],"_links":{"self":[{"href":"https:\/\/www.santaana.gob.ar\/home\/wp-json\/wp\/v2\/posts\/4336","targetHints":{"allow":["GET"]}}],"collection":[{"href":"https:\/\/www.santaana.gob.ar\/home\/wp-json\/wp\/v2\/posts"}],"about":[{"href":"https:\/\/www.santaana.gob.ar\/home\/wp-json\/wp\/v2\/types\/post"}],"author":[{"embeddable":true,"href":"https:\/\/www.santaana.gob.ar\/home\/wp-json\/wp\/v2\/users\/1"}],"replies":[{"embeddable":true,"href":"https:\/\/www.santaana.gob.ar\/home\/wp-json\/wp\/v2\/comments?post=4336"}],"version-history":[{"count":1,"href":"https:\/\/www.santaana.gob.ar\/home\/wp-json\/wp\/v2\/posts\/4336\/revisions"}],"predecessor-version":[{"id":4338,"href":"https:\/\/www.santaana.gob.ar\/home\/wp-json\/wp\/v2\/posts\/4336\/revisions\/4338"}],"wp:featuredmedia":[{"embeddable":true,"href":"https:\/\/www.santaana.gob.ar\/home\/wp-json\/wp\/v2\/media\/4337"}],"wp:attachment":[{"href":"https:\/\/www.santaana.gob.ar\/home\/wp-json\/wp\/v2\/media?parent=4336"}],"wp:term":[{"taxonomy":"category","embeddable":true,"href":"https:\/\/www.santaana.gob.ar\/home\/wp-json\/wp\/v2\/categories?post=4336"},{"taxonomy":"post_tag","embeddable":true,"href":"https:\/\/www.santaana.gob.ar\/home\/wp-json\/wp\/v2\/tags?post=4336"}],"curies":[{"name":"wp","href":"https:\/\/api.w.org\/{rel}","templated":true}]}}