{"id":4333,"date":"2024-09-20T13:16:35","date_gmt":"2024-09-20T13:16:35","guid":{"rendered":"https:\/\/www.santaana.gob.ar\/home\/?p=4333"},"modified":"2024-09-20T13:16:35","modified_gmt":"2024-09-20T13:16:35","slug":"entrega-de-insumos-para-la-municipalidad","status":"publish","type":"post","link":"https:\/\/www.santaana.gob.ar\/home\/2024\/09\/20\/entrega-de-insumos-para-la-municipalidad\/","title":{"rendered":"ENTREGA DE INSUMOS PARA LA MUNICIPALIDAD"},"content":{"rendered":"<p>La Directora del \u00c1rea de Acci\u00f3n Social, Milena Rolando, en representaci\u00f3n de la Municipalidad de Santa Ana, estuvo ayer en el Centro de Convenciones de la ciudad de Concordia, donde se le hizo entrega de dos sillas de rueda para adultos que ser\u00e1n utilizadas en diferentes reparticiones.<br \/>\n\u25aa\ufe0f El acto se realiz\u00f3 en el marco del Programa de Desarrollo e Integraci\u00f3n de la Regi\u00f3n de Salto Grande.<br \/>\n\u25aa\ufe0f All\u00ed estuvieron presentes el Secretario de Turismo de la Provincia Jorge Satto y el Coordinador Sectorial del Programa, Arq. Cristian Brasseur, entre otros asistentes.<\/p>\n","protected":false},"excerpt":{"rendered":"<p>La Directora del \u00c1rea de Acci\u00f3n Social, Milena Rolando, en representaci\u00f3n de la Municipalidad de Santa Ana, estuvo ayer en el Centro de Convenciones de la ciudad de Concordia, donde se le hizo entrega de dos sillas de rueda para adultos que ser\u00e1n utilizadas en diferentes reparticiones. \u25aa\ufe0f El acto se realiz\u00f3 en el marco<a class=\"moretag\" href=\"https:\/\/www.santaana.gob.ar\/home\/2024\/09\/20\/entrega-de-insumos-para-la-municipalidad\/\"><span class=\"screen-reader-text\">Leer m\u00e1s sobre ENTREGA DE INSUMOS PARA LA MUNICIPALIDAD<\/span>[&#8230;]<\/a><\/p>\n","protected":false},"author":1,"featured_media":4334,"comment_status":"open","ping_status":"open","sticky":false,"template":"","format":"standard","meta":{"footnotes":""},"categories":[1],"tags":[],"class_list":["post-4333","post","type-post","status-publish","format-standard","has-post-thumbnail","hentry","category-noticias"],"_links":{"self":[{"href":"https:\/\/www.santaana.gob.ar\/home\/wp-json\/wp\/v2\/posts\/4333","targetHints":{"allow":["GET"]}}],"collection":[{"href":"https:\/\/www.santaana.gob.ar\/home\/wp-json\/wp\/v2\/posts"}],"about":[{"href":"https:\/\/www.santaana.gob.ar\/home\/wp-json\/wp\/v2\/types\/post"}],"author":[{"embeddable":true,"href":"https:\/\/www.santaana.gob.ar\/home\/wp-json\/wp\/v2\/users\/1"}],"replies":[{"embeddable":true,"href":"https:\/\/www.santaana.gob.ar\/home\/wp-json\/wp\/v2\/comments?post=4333"}],"version-history":[{"count":1,"href":"https:\/\/www.santaana.gob.ar\/home\/wp-json\/wp\/v2\/posts\/4333\/revisions"}],"predecessor-version":[{"id":4335,"href":"https:\/\/www.santaana.gob.ar\/home\/wp-json\/wp\/v2\/posts\/4333\/revisions\/4335"}],"wp:featuredmedia":[{"embeddable":true,"href":"https:\/\/www.santaana.gob.ar\/home\/wp-json\/wp\/v2\/media\/4334"}],"wp:attachment":[{"href":"https:\/\/www.santaana.gob.ar\/home\/wp-json\/wp\/v2\/media?parent=4333"}],"wp:term":[{"taxonomy":"category","embeddable":true,"href":"https:\/\/www.santaana.gob.ar\/home\/wp-json\/wp\/v2\/categories?post=4333"},{"taxonomy":"post_tag","embeddable":true,"href":"https:\/\/www.santaana.gob.ar\/home\/wp-json\/wp\/v2\/tags?post=4333"}],"curies":[{"name":"wp","href":"https:\/\/api.w.org\/{rel}","templated":true}]}}