{"id":4330,"date":"2024-09-19T14:34:03","date_gmt":"2024-09-19T14:34:03","guid":{"rendered":"https:\/\/www.santaana.gob.ar\/home\/?p=4330"},"modified":"2024-09-19T14:34:03","modified_gmt":"2024-09-19T14:34:03","slug":"visita-secretario-turismo-de-entre-rios","status":"publish","type":"post","link":"https:\/\/www.santaana.gob.ar\/home\/2024\/09\/19\/visita-secretario-turismo-de-entre-rios\/","title":{"rendered":"VISITA SECRETARIO TURISMO DE ENTRE R\u00cdOS"},"content":{"rendered":"<p>El Intendente Rogelio Zanandrea recibi\u00f3,  esta semana, a Jorge Satto y su equipo quienes estuvieron recorriendo nuestra ciudad.<br \/>\n\u25aa\ufe0f Visitaron el nuevo edificio municipal, pr\u00f3ximo a inaugurarse, el predio termal, la costanera, el muelle, el sector de playa 52 y el camping municipal.<br \/>\n\ud83d\udcaa Adem\u00e1s dialogaron sobre el posicionamiento de Santa Ana como un nuevo complejo termal, la promoci\u00f3n y difusi\u00f3n tur\u00edstica para la temporada de verano que se avecina y la participaci\u00f3n en diferentes eventos de turismo.<br \/>\n\u25aa\ufe0f Estuvieron presentes tambi\u00e9n la Vice Intendente Laura Cracco, el Director de Cultura y Turismo Luis Vago , el Director de Recursos Humanos Horacio Moreyra y Mario Toler, en representaci\u00f3n del Ente Regulador de Recursos Termales de la Provincia.<\/p>\n","protected":false},"excerpt":{"rendered":"<p>El Intendente Rogelio Zanandrea recibi\u00f3, esta semana, a Jorge Satto y su equipo quienes estuvieron recorriendo nuestra ciudad. \u25aa\ufe0f Visitaron el nuevo edificio municipal, pr\u00f3ximo a inaugurarse, el predio termal, la costanera, el muelle, el sector de playa 52 y el camping municipal. \ud83d\udcaa Adem\u00e1s dialogaron sobre el posicionamiento de Santa Ana como un nuevo<a class=\"moretag\" href=\"https:\/\/www.santaana.gob.ar\/home\/2024\/09\/19\/visita-secretario-turismo-de-entre-rios\/\"><span class=\"screen-reader-text\">Leer m\u00e1s sobre VISITA SECRETARIO TURISMO DE ENTRE R\u00cdOS<\/span>[&#8230;]<\/a><\/p>\n","protected":false},"author":1,"featured_media":4331,"comment_status":"open","ping_status":"open","sticky":false,"template":"","format":"standard","meta":{"footnotes":""},"categories":[1],"tags":[],"class_list":["post-4330","post","type-post","status-publish","format-standard","has-post-thumbnail","hentry","category-noticias"],"_links":{"self":[{"href":"https:\/\/www.santaana.gob.ar\/home\/wp-json\/wp\/v2\/posts\/4330","targetHints":{"allow":["GET"]}}],"collection":[{"href":"https:\/\/www.santaana.gob.ar\/home\/wp-json\/wp\/v2\/posts"}],"about":[{"href":"https:\/\/www.santaana.gob.ar\/home\/wp-json\/wp\/v2\/types\/post"}],"author":[{"embeddable":true,"href":"https:\/\/www.santaana.gob.ar\/home\/wp-json\/wp\/v2\/users\/1"}],"replies":[{"embeddable":true,"href":"https:\/\/www.santaana.gob.ar\/home\/wp-json\/wp\/v2\/comments?post=4330"}],"version-history":[{"count":1,"href":"https:\/\/www.santaana.gob.ar\/home\/wp-json\/wp\/v2\/posts\/4330\/revisions"}],"predecessor-version":[{"id":4332,"href":"https:\/\/www.santaana.gob.ar\/home\/wp-json\/wp\/v2\/posts\/4330\/revisions\/4332"}],"wp:featuredmedia":[{"embeddable":true,"href":"https:\/\/www.santaana.gob.ar\/home\/wp-json\/wp\/v2\/media\/4331"}],"wp:attachment":[{"href":"https:\/\/www.santaana.gob.ar\/home\/wp-json\/wp\/v2\/media?parent=4330"}],"wp:term":[{"taxonomy":"category","embeddable":true,"href":"https:\/\/www.santaana.gob.ar\/home\/wp-json\/wp\/v2\/categories?post=4330"},{"taxonomy":"post_tag","embeddable":true,"href":"https:\/\/www.santaana.gob.ar\/home\/wp-json\/wp\/v2\/tags?post=4330"}],"curies":[{"name":"wp","href":"https:\/\/api.w.org\/{rel}","templated":true}]}}