{"id":4325,"date":"2024-09-18T11:40:38","date_gmt":"2024-09-18T11:40:38","guid":{"rendered":"https:\/\/www.santaana.gob.ar\/home\/?p=4325"},"modified":"2025-06-10T19:24:46","modified_gmt":"2025-06-10T19:24:46","slug":"licitacion-publica-n3-2024","status":"publish","type":"post","link":"https:\/\/www.santaana.gob.ar\/home\/2024\/09\/18\/licitacion-publica-n3-2024\/","title":{"rendered":"LICITACI\u00d3N P\u00daBLICA N\u00b03\/2024"},"content":{"rendered":"<p>La Municipalidad de Santa Ana, provincia de Entre R\u00edos, dispone el llamado a Licitaci\u00f3n P\u00fablica que se individualizar\u00e1 con el N\u00b0 03\/2024, con el objeto de adjudicar la concesi\u00f3n de la explotaci\u00f3n de los servicios de \u00abProveedur\u00eda, Cantina y Helader\u00eda\u00bb en el \u00abParador N\u00b02 \u2013 Playa 52\u00bb del Balneario de Santa Ana por el per\u00edodo desde el 01 de Diciembre de 2024 hasta el 28 de Febrero de 2025. \u00a0<br \/>\nDispone el d\u00eda viernes 04 de octubre de 2024, a la hora 11:00 para apertura de propuestas.<br \/>\n<b>DESCARGAR PLIEGOS<\/b><br \/>\n<a href=\"http:\/\/www.santaana.gob.ar\/Licitaciones\/LicPub032024\/Decreto.pdf\">Decreto<\/a><br \/>\n<a href=\"http:\/\/www.santaana.gob.ar\/Licitaciones\/LicPub032024\/Generales.pdf\">Pliegos condiciones Generales<\/a><br \/>\n<a href=\"http:\/\/www.santaana.gob.ar\/Licitaciones\/LicPub032024\/Particulares.pdf\">Pliegos condiciones Particulares<\/a><br \/>\n<a href=\"http:\/\/www.santaana.gob.ar\/Licitaciones\/LicPub032024\/AnexoI.pdf\">Anexo I<\/a><br \/>\n<a href=\"http:\/\/www.santaana.gob.ar\/Licitaciones\/LicPub032024\/AnexoII.pdf\">Anexo II<\/a><\/p>\n","protected":false},"excerpt":{"rendered":"<p>La Municipalidad de Santa Ana, provincia de Entre R\u00edos, dispone el llamado a Licitaci\u00f3n P\u00fablica que se individualizar\u00e1 con el N\u00b0 03\/2024, con el objeto de adjudicar la concesi\u00f3n de la explotaci\u00f3n de los servicios de \u00abProveedur\u00eda, Cantina y Helader\u00eda\u00bb en el \u00abParador N\u00b02 \u2013 Playa 52\u00bb del Balneario de Santa Ana por el per\u00edodo<a class=\"moretag\" href=\"https:\/\/www.santaana.gob.ar\/home\/2024\/09\/18\/licitacion-publica-n3-2024\/\"><span class=\"screen-reader-text\">Leer m\u00e1s sobre LICITACI\u00d3N P\u00daBLICA N\u00b03\/2024<\/span>[&#8230;]<\/a><\/p>\n","protected":false},"author":1,"featured_media":4326,"comment_status":"open","ping_status":"open","sticky":false,"template":"","format":"standard","meta":{"footnotes":""},"categories":[1],"tags":[],"class_list":["post-4325","post","type-post","status-publish","format-standard","has-post-thumbnail","hentry","category-noticias"],"_links":{"self":[{"href":"https:\/\/www.santaana.gob.ar\/home\/wp-json\/wp\/v2\/posts\/4325","targetHints":{"allow":["GET"]}}],"collection":[{"href":"https:\/\/www.santaana.gob.ar\/home\/wp-json\/wp\/v2\/posts"}],"about":[{"href":"https:\/\/www.santaana.gob.ar\/home\/wp-json\/wp\/v2\/types\/post"}],"author":[{"embeddable":true,"href":"https:\/\/www.santaana.gob.ar\/home\/wp-json\/wp\/v2\/users\/1"}],"replies":[{"embeddable":true,"href":"https:\/\/www.santaana.gob.ar\/home\/wp-json\/wp\/v2\/comments?post=4325"}],"version-history":[{"count":2,"href":"https:\/\/www.santaana.gob.ar\/home\/wp-json\/wp\/v2\/posts\/4325\/revisions"}],"predecessor-version":[{"id":4866,"href":"https:\/\/www.santaana.gob.ar\/home\/wp-json\/wp\/v2\/posts\/4325\/revisions\/4866"}],"wp:featuredmedia":[{"embeddable":true,"href":"https:\/\/www.santaana.gob.ar\/home\/wp-json\/wp\/v2\/media\/4326"}],"wp:attachment":[{"href":"https:\/\/www.santaana.gob.ar\/home\/wp-json\/wp\/v2\/media?parent=4325"}],"wp:term":[{"taxonomy":"category","embeddable":true,"href":"https:\/\/www.santaana.gob.ar\/home\/wp-json\/wp\/v2\/categories?post=4325"},{"taxonomy":"post_tag","embeddable":true,"href":"https:\/\/www.santaana.gob.ar\/home\/wp-json\/wp\/v2\/tags?post=4325"}],"curies":[{"name":"wp","href":"https:\/\/api.w.org\/{rel}","templated":true}]}}