{"id":3428,"date":"2023-07-25T13:31:13","date_gmt":"2023-07-25T13:31:13","guid":{"rendered":"http:\/\/www.santaana.gob.ar\/home\/?p=3428"},"modified":"2023-07-25T13:31:13","modified_gmt":"2023-07-25T13:31:13","slug":"este-26-de-julio-no-habra-recoleccion-de-residuos","status":"publish","type":"post","link":"https:\/\/www.santaana.gob.ar\/home\/2023\/07\/25\/este-26-de-julio-no-habra-recoleccion-de-residuos\/","title":{"rendered":"ESTE 26 DE JULIO NO HABR\u00c1 RECOLECCI\u00d3N DE RESIDUOS"},"content":{"rendered":"<p>MA\u00d1ANA NO HABR\u00c1 RECOLECCI\u00d3N DE RESIDUOS<br \/>\nEste mi\u00e9rcoles 26 de julio, feriado por el d\u00eda de nuestra Santa Patrona y el aniversario del municipio, no habr\u00e1 recolecci\u00f3n de residuos.<br \/>\n\u2139\ufe0f La recolecci\u00f3n se llevar\u00e1 a cabo el d\u00eda jueves 27 de julio en su horario habitual, de 7 a 9 horas.<br \/>\n\ud83d\ude4c Pedimos la colaboraci\u00f3n de todos los vecinos para mantener limpia nuestra ciudad.<\/p>\n","protected":false},"excerpt":{"rendered":"<p>MA\u00d1ANA NO HABR\u00c1 RECOLECCI\u00d3N DE RESIDUOS Este mi\u00e9rcoles 26 de julio, feriado por el d\u00eda de nuestra Santa Patrona y el aniversario del municipio, no habr\u00e1 recolecci\u00f3n de residuos. \u2139\ufe0f La recolecci\u00f3n se llevar\u00e1 a cabo el d\u00eda jueves 27 de julio en su horario habitual, de 7 a 9 horas. \ud83d\ude4c Pedimos la colaboraci\u00f3n<a class=\"moretag\" href=\"https:\/\/www.santaana.gob.ar\/home\/2023\/07\/25\/este-26-de-julio-no-habra-recoleccion-de-residuos\/\"><span class=\"screen-reader-text\">Leer m\u00e1s sobre ESTE 26 DE JULIO NO HABR\u00c1 RECOLECCI\u00d3N DE RESIDUOS<\/span>[&#8230;]<\/a><\/p>\n","protected":false},"author":1,"featured_media":3258,"comment_status":"open","ping_status":"open","sticky":false,"template":"","format":"standard","meta":{"footnotes":""},"categories":[1],"tags":[],"class_list":["post-3428","post","type-post","status-publish","format-standard","has-post-thumbnail","hentry","category-noticias"],"_links":{"self":[{"href":"https:\/\/www.santaana.gob.ar\/home\/wp-json\/wp\/v2\/posts\/3428","targetHints":{"allow":["GET"]}}],"collection":[{"href":"https:\/\/www.santaana.gob.ar\/home\/wp-json\/wp\/v2\/posts"}],"about":[{"href":"https:\/\/www.santaana.gob.ar\/home\/wp-json\/wp\/v2\/types\/post"}],"author":[{"embeddable":true,"href":"https:\/\/www.santaana.gob.ar\/home\/wp-json\/wp\/v2\/users\/1"}],"replies":[{"embeddable":true,"href":"https:\/\/www.santaana.gob.ar\/home\/wp-json\/wp\/v2\/comments?post=3428"}],"version-history":[{"count":1,"href":"https:\/\/www.santaana.gob.ar\/home\/wp-json\/wp\/v2\/posts\/3428\/revisions"}],"predecessor-version":[{"id":3429,"href":"https:\/\/www.santaana.gob.ar\/home\/wp-json\/wp\/v2\/posts\/3428\/revisions\/3429"}],"wp:featuredmedia":[{"embeddable":true,"href":"https:\/\/www.santaana.gob.ar\/home\/wp-json\/wp\/v2\/media\/3258"}],"wp:attachment":[{"href":"https:\/\/www.santaana.gob.ar\/home\/wp-json\/wp\/v2\/media?parent=3428"}],"wp:term":[{"taxonomy":"category","embeddable":true,"href":"https:\/\/www.santaana.gob.ar\/home\/wp-json\/wp\/v2\/categories?post=3428"},{"taxonomy":"post_tag","embeddable":true,"href":"https:\/\/www.santaana.gob.ar\/home\/wp-json\/wp\/v2\/tags?post=3428"}],"curies":[{"name":"wp","href":"https:\/\/api.w.org\/{rel}","templated":true}]}}